{"id":14255,"date":"2020-01-10T12:35:04","date_gmt":"2020-01-10T11:35:04","guid":{"rendered":"https:\/\/fsmcv.org\/?post_type=fsmcv-noticias&#038;p=14255"},"modified":"2021-04-06T13:58:59","modified_gmt":"2021-04-06T11:58:59","slug":"ii-cicle-de-concerts-de-musica-de-cambra-de-lateneu-musical-del-port","status":"publish","type":"post","link":"https:\/\/fsmcv.org\/vl\/societats-musicals\/ii-cicle-de-concerts-de-musica-de-cambra-de-lateneu-musical-del-port\/","title":{"rendered":"II Cicle de Concerts de M\u00fasica de Cambra de l&#8217;Ateneu Musical del Port"},"content":{"rendered":"<p>Despr\u00e9s del bon acolliment de l&#8217;I Cicle de Concerts de M\u00fasica de Cambra que es va organitzar el curs passat, la Junta Directiva de la Societat Ateneu Musical del Port ha decidit continuar amb la seua aposta per la M\u00fasica de Cambra i pels beneficis socioculturals que comporta, preparant l&#8217;II Cicle de Concerts de M\u00fasica de Cambra de l&#8217;Ateneu Musical del Port.<\/p>\n<p>S&#8217;ha ampliat la seua duraci\u00f3 fins al mes de desembre, amb m\u00e9s de vint concerts programats, convertint les audicions en un acte quotidi\u00e0 per a la nostra Societat, on podrem gaudir d&#8217;una gran varietat d&#8217;estils i formats, que no dubtem seran molt atractius per als nostres socis i amics.<\/p>\n<p>Vos adjuntem el programa del primer concert d&#8217;aquest II Cicle que comen\u00e7a dissabte que ve dia 11 de gener a les 19:00h en la Sala d&#8217;actes Jenaro Mill\u00e1n de la nostra seu social, situada en c\/Francisco Baldomar 40 de Val\u00e8ncia, amb l&#8217;actuaci\u00f3 de Alenza Trio.<\/p>\n<p><a href=\"https:\/\/fsmcv.org\/BTnet-storage\/wp-uploads\/2020\/01\/PROGRAMA-ALENZA-TRIO.pdf\">PROGRAMA ALENZA TRIO<\/a><\/p>\n","protected":false},"excerpt":{"rendered":"<p>Despr\u00e9s del bon acolliment de l&#8217;I Cicle de Concerts de M\u00fasica de Cambra que es va organitzar el curs passat, la Junta Directiva de la Societat Ateneu Musical del Port ha decidit continuar amb la seua aposta per la M\u00fasica de Cambra i pels beneficis socioculturals que comporta, preparant l&#8217;II Cicle de Concerts de M\u00fasica [&hellip;]<\/p>\n","protected":false},"author":2,"featured_media":0,"comment_status":"closed","ping_status":"closed","sticky":false,"template":"","format":"standard","meta":{"footnotes":""},"categories":[56],"tags":[],"class_list":["post-14255","post","type-post","status-publish","format-standard","hentry","category-societats-musicals"],"_links":{"self":[{"href":"https:\/\/fsmcv.org\/vl\/wp-json\/wp\/v2\/posts\/14255","targetHints":{"allow":["GET"]}}],"collection":[{"href":"https:\/\/fsmcv.org\/vl\/wp-json\/wp\/v2\/posts"}],"about":[{"href":"https:\/\/fsmcv.org\/vl\/wp-json\/wp\/v2\/types\/post"}],"author":[{"embeddable":true,"href":"https:\/\/fsmcv.org\/vl\/wp-json\/wp\/v2\/users\/2"}],"replies":[{"embeddable":true,"href":"https:\/\/fsmcv.org\/vl\/wp-json\/wp\/v2\/comments?post=14255"}],"version-history":[{"count":0,"href":"https:\/\/fsmcv.org\/vl\/wp-json\/wp\/v2\/posts\/14255\/revisions"}],"wp:attachment":[{"href":"https:\/\/fsmcv.org\/vl\/wp-json\/wp\/v2\/media?parent=14255"}],"wp:term":[{"taxonomy":"category","embeddable":true,"href":"https:\/\/fsmcv.org\/vl\/wp-json\/wp\/v2\/categories?post=14255"},{"taxonomy":"post_tag","embeddable":true,"href":"https:\/\/fsmcv.org\/vl\/wp-json\/wp\/v2\/tags?post=14255"}],"curies":[{"name":"wp","href":"https:\/\/api.w.org\/{rel}","templated":true}]}}