{"id":14259,"date":"2020-01-10T12:38:30","date_gmt":"2020-01-10T11:38:30","guid":{"rendered":"https:\/\/fsmcv.org\/?post_type=fsmcv-noticias&#038;p=14259"},"modified":"2020-09-27T18:23:02","modified_gmt":"2020-09-27T18:23:02","slug":"un-arbre-per-commemorar-mes-de-200-anys-de-la-millor-musica","status":"publish","type":"post","link":"https:\/\/fsmcv.org\/vl\/certamens\/un-arbre-per-commemorar-mes-de-200-anys-de-la-millor-musica\/","title":{"rendered":"Un arbre per commemorar \u201cM\u00e9s de 200 anys de la millor m\u00fasica\u201d"},"content":{"rendered":"<p><strong>La Banda Primitiva i l\u2019Ajuntament de Ll\u00edria planten un arbre per recordar el bicentenari de la banda <\/strong><\/p>\n<p>&nbsp;<\/p>\n<p>Dintre dels actes de tancament del bicentenari de la Banda Primitiva, el Clar\u00edn i l\u2019Ajuntament de Ll\u00edria, a trav\u00e9s de la Regidoria de Jardins, van plantar un arbre amb motiu de la commemoraci\u00f3 dels 200 anys de la banda.<\/p>\n<p>&nbsp;<\/p>\n<p>El passat 28 de desembre, es va realitzar la plantaci\u00f3 d\u2019este arbre \u2013 <em>ficus australis<\/em> \u2013 al parc de Sant Francesc, junt a l\u2019escultura dedicada al Pare Antoni, fundador de la Banda Primitiva, l\u2019any 1819. El president de la societat, Jos\u00e9 Luis P\u00e9rez Veses, i la regidora de Jardins, Consuelo Morat\u00f3; van participar en la plantaci\u00f3, que va dur a terme el personal de la Brigada de Jardins de l\u2019Ajuntament de Ll\u00edria.<\/p>\n<p>&nbsp;<\/p>\n<p>El president del Clar\u00edn va agrair a l\u2019Ajuntament de Ll\u00edria per la seua col\u00b7laboraci\u00f3. \u201cCrec que \u00e9s un acte amb molt de sentiment, poder plantar un arbre que, dintre de 200 anys, seguir\u00e0 estant ac\u00ed i recordar\u00e0 una efem\u00e8ride tant important com la que tanquem hui. Amb m\u00e9s temps, de segur que no hagu\u00e9rem plantat un arbre, sin\u00f3 200; un per cada any d\u2019hist\u00f2ria del Clarin\u201d.<\/p>\n<p>&nbsp;<\/p>\n<p>Per la seua banda, la regidora Consuelo Morat\u00f3 es va mostrar \u201cencantada d\u2019esta iniciativa, que ha sigut una proposta de la societat, que nosaltres sols hem ajudat en materialitzar. Des de l\u2019Ajuntament, seguim treballant per complir els objectius de l\u2019agenda 20, 30; i poder tindre dins de les nostres ciutats espais verds que, a m\u00e9s a m\u00e9s, ens servisquen per educar a les generacions del futur\u201d.<\/p>\n<p>&nbsp;<\/p>\n<p>Com no podia ser d\u2019altra manera, la m\u00fasica va estar present a l\u2019acte, amb la m\u00fasica tradicional de la dol\u00e7aina i el tabalet, que va atraure a nombrosos curiosos, que es van acostar a viure un acte senzill, per\u00f2 amb molt de significat.<\/p>\n","protected":false},"excerpt":{"rendered":"<p>La Banda Primitiva i l\u2019Ajuntament de Ll\u00edria planten un arbre per recordar el bicentenari de la banda<\/p>\n","protected":false},"author":2,"featured_media":0,"comment_status":"closed","ping_status":"closed","sticky":false,"template":"","format":"standard","meta":{"footnotes":""},"categories":[],"tags":[],"class_list":["post-14259","post","type-post","status-publish","format-standard","hentry"],"_links":{"self":[{"href":"https:\/\/fsmcv.org\/vl\/wp-json\/wp\/v2\/posts\/14259","targetHints":{"allow":["GET"]}}],"collection":[{"href":"https:\/\/fsmcv.org\/vl\/wp-json\/wp\/v2\/posts"}],"about":[{"href":"https:\/\/fsmcv.org\/vl\/wp-json\/wp\/v2\/types\/post"}],"author":[{"embeddable":true,"href":"https:\/\/fsmcv.org\/vl\/wp-json\/wp\/v2\/users\/2"}],"replies":[{"embeddable":true,"href":"https:\/\/fsmcv.org\/vl\/wp-json\/wp\/v2\/comments?post=14259"}],"version-history":[{"count":0,"href":"https:\/\/fsmcv.org\/vl\/wp-json\/wp\/v2\/posts\/14259\/revisions"}],"wp:attachment":[{"href":"https:\/\/fsmcv.org\/vl\/wp-json\/wp\/v2\/media?parent=14259"}],"wp:term":[{"taxonomy":"category","embeddable":true,"href":"https:\/\/fsmcv.org\/vl\/wp-json\/wp\/v2\/categories?post=14259"},{"taxonomy":"post_tag","embeddable":true,"href":"https:\/\/fsmcv.org\/vl\/wp-json\/wp\/v2\/tags?post=14259"}],"curies":[{"name":"wp","href":"https:\/\/api.w.org\/{rel}","templated":true}]}}