{"id":14316,"date":"2020-01-17T11:28:33","date_gmt":"2020-01-17T10:28:33","guid":{"rendered":"https:\/\/fsmcv.org\/?post_type=fsmcv-noticias&#038;p=14316"},"modified":"2021-04-06T13:58:43","modified_gmt":"2021-04-06T11:58:43","slug":"eduard-sanchez-amb-arrels-en-el-centre-artistic-musical-de-betera-triomfa-internacionalment","status":"publish","type":"post","link":"https:\/\/fsmcv.org\/vl\/societats-musicals\/eduard-sanchez-amb-arrels-en-el-centre-artistic-musical-de-betera-triomfa-internacionalment\/","title":{"rendered":"Eduard S\u00e1nchez, amb arrels en el Centre Art\u00edstic Musical de B\u00e9tera, triomfa internacionalment."},"content":{"rendered":"<p>Eduard S\u00e1nchez , el flautista valenci\u00e0 del municipi de B\u00e9tera , i en el qual els seus inicis van ser en el Centre *Art\u00edstic Musical de B\u00e9tera , ha estat recentment guardonat amb tres grans Concursos Internacionals :<\/p>\n<ul>\n<li>Primer Premi Virtuosos de Brussel\u00b7les.<\/li>\n<li>Primer Premi Virtuosos de Viena.<\/li>\n<li>Primer Gran Premi Golden de Nova York.<\/li>\n<\/ul>\n<p>Per tot aix\u00f2 realitzar\u00e0 un concert de solista en el Carnegie Hall de Nova York, la coneguda com a millor sala de concerts del m\u00f3n.<\/p>\n","protected":false},"excerpt":{"rendered":"<p>Eduard S\u00e1nchez , el flautista valenci\u00e0 del municipi de B\u00e9tera , i en el qual els seus inicis van ser en el Centre *Art\u00edstic Musical de B\u00e9tera , ha estat recentment guardonat amb tres grans Concursos Internacionals.<\/p>\n","protected":false},"author":2,"featured_media":0,"comment_status":"closed","ping_status":"closed","sticky":false,"template":"","format":"standard","meta":{"footnotes":""},"categories":[56],"tags":[],"class_list":["post-14316","post","type-post","status-publish","format-standard","hentry","category-societats-musicals"],"_links":{"self":[{"href":"https:\/\/fsmcv.org\/vl\/wp-json\/wp\/v2\/posts\/14316","targetHints":{"allow":["GET"]}}],"collection":[{"href":"https:\/\/fsmcv.org\/vl\/wp-json\/wp\/v2\/posts"}],"about":[{"href":"https:\/\/fsmcv.org\/vl\/wp-json\/wp\/v2\/types\/post"}],"author":[{"embeddable":true,"href":"https:\/\/fsmcv.org\/vl\/wp-json\/wp\/v2\/users\/2"}],"replies":[{"embeddable":true,"href":"https:\/\/fsmcv.org\/vl\/wp-json\/wp\/v2\/comments?post=14316"}],"version-history":[{"count":0,"href":"https:\/\/fsmcv.org\/vl\/wp-json\/wp\/v2\/posts\/14316\/revisions"}],"wp:attachment":[{"href":"https:\/\/fsmcv.org\/vl\/wp-json\/wp\/v2\/media?parent=14316"}],"wp:term":[{"taxonomy":"category","embeddable":true,"href":"https:\/\/fsmcv.org\/vl\/wp-json\/wp\/v2\/categories?post=14316"},{"taxonomy":"post_tag","embeddable":true,"href":"https:\/\/fsmcv.org\/vl\/wp-json\/wp\/v2\/tags?post=14316"}],"curies":[{"name":"wp","href":"https:\/\/api.w.org\/{rel}","templated":true}]}}