{"id":14322,"date":"2020-01-17T11:42:32","date_gmt":"2020-01-17T10:42:32","guid":{"rendered":"https:\/\/fsmcv.org\/?post_type=fsmcv-noticias&#038;p=14322"},"modified":"2021-03-26T10:27:28","modified_gmt":"2021-03-26T09:27:28","slug":"curs-de-direccio-el-prisma-del-director-banda-unio-musical-de-gata-de-gorgos","status":"publish","type":"post","link":"https:\/\/fsmcv.org\/vl\/area-educativa-vl\/xarxa-centres-educatius\/curs-de-direccio-el-prisma-del-director-banda-unio-musical-de-gata-de-gorgos\/","title":{"rendered":"Curs de direcci\u00f3 &#8216;El prisma del director&#8217; &#8211; Banda Uni\u00f3 Musical de Gata de Gorgos"},"content":{"rendered":"<div>&#8220;Despr\u00e9s d&#8217;haver publicat les bases del <a href=\"https:\/\/fsmcv.org\/BTnet-storage\/wp-uploads\/2019\/12\/Concurso-pasodoble-150-aniversario-Gata.pdf\">concurs de pasdobles<\/a> festius en commemoraci\u00f3 del 150 Aniversari, la Banda Uni\u00f3 Musical de Gata de Gorgos presenta junt al director, compositor i artista digital Pere Vicalet la <strong>segona edici\u00f3 del curs de direcci\u00f3 <\/strong><i><strong>El prisma del director<\/strong>.<\/i> En aquesta ocasi\u00f3 el curs compta amb m\u00e9s de 30 hores de pr\u00e0ctiques amb 7 agrupacions diferents, des de vent fusta-metall, fins a una coral, un quartet de cordes i tamb\u00e9 percussi\u00f3.<\/div>\n<div><\/div>\n<div>S\u00f3n agrupacions relacionades o lligades a la Banda Uni\u00f3 Musical anomenades: <i>5fanbrass, Toscaensemble, Connecta Percussi\u00f3, Grup Polif\u00f2nic Ars Nova, Quartet Sul tasto, <\/i>als quals s&#8217;unir\u00e0 la mateixa Banda Uni\u00f3 Musical i una altra agrupaci\u00f3 formada per una selecci\u00f3 de m\u00fasics de la banda per abordar repertori m\u00e9s fester. El curs queda complet abarcant tot tipus de repertoris des del classicisme-romanticisme, fins a obres del segle XX amb electr\u00f2nica, i \u00e9s que el <i>Prisma del director<\/i> va d&#8217;aix\u00f2, de saber com enfocar el prisma per esbrinar quin recurs gestual utilitzar i prevaler satisfact\u00f2riament ja siga en un assaig general, en una lectura a primera vista o en el mateix concert.<\/div>\n<div><\/div>\n<div>Els alumnes a m\u00e9s, tindran ocasi\u00f3 de dirigir tres d&#8217;aquestes agrupacions en 3 concerts dins del cicle de concerts del150 Aniversari, amb repertoris tant exigents i emocionants com el <i>Requiem <\/i>de G. Faur\u00e9, <i>Scheherazade<\/i> de Rimsky-Korsakov o <i>Electric Counterpoint<\/i> de Steve Reich.<\/div>\n<div><\/div>\n<div>\n<p><strong>El termini d&#8217;inscripcions finalitza el proper 7 de febrer<\/strong> i s&#8217;ha de formular al mail &#8220;<a href=\"mailto:direcciomusical@gmail.com\">direcciomusical@gmail.com<\/a>&#8220;. En els seg\u00fcents enlla\u00e7os a castell\u00e0 i valenci\u00e0 teniu m\u00e9s informaci\u00f3:<\/p>\n<\/div>\n<div>-&gt; VLC: <a href=\"https:\/\/docs.google.com\/document\/d\/1wzVaN6sCAlRoAd7P4FGNJwAz9ONQ_RBkcKbjX68E7S8\/edit?usp=sharing\" target=\"_blank\" rel=\"noopener\">https:\/\/docs.google.com\/document\/d\/1wzVaN6sCAlRoAd7P4FGNJwAz9ONQ_RBkcKbjX68E7S8\/edit?usp=sharing<\/a><\/div>\n<div><\/div>\n<div>-&gt; CAST: <a href=\"https:\/\/docs.google.com\/document\/d\/1HGiyQPnrQ30mVOnMey5jTj8nSadTyxxh73cLkRxvbU4\/edit?usp=sharing\" target=\"_blank\" rel=\"noopener\">https:\/\/docs.google.com\/document\/d\/1HGiyQPnrQ30mVOnMey5jTj8nSadTyxxh73cLkRxvbU4\/edit?usp=sharing<\/a><\/div>\n","protected":false},"excerpt":{"rendered":"<p>El termini d&#8217;inscripcions finalitza el proper 7 de febrer i s&#8217;ha de formular al mail &#8220;direcciomusical@gmail.com&#8221;. En els seg\u00fcents enlla\u00e7os a castell\u00e0 i valenci\u00e0 teniu m\u00e9s informaci\u00f3:<\/p>\n","protected":false},"author":2,"featured_media":0,"comment_status":"closed","ping_status":"closed","sticky":false,"template":"","format":"standard","meta":{"footnotes":""},"categories":[164],"tags":[],"class_list":["post-14322","post","type-post","status-publish","format-standard","hentry","category-xarxa-centres-educatius"],"_links":{"self":[{"href":"https:\/\/fsmcv.org\/vl\/wp-json\/wp\/v2\/posts\/14322","targetHints":{"allow":["GET"]}}],"collection":[{"href":"https:\/\/fsmcv.org\/vl\/wp-json\/wp\/v2\/posts"}],"about":[{"href":"https:\/\/fsmcv.org\/vl\/wp-json\/wp\/v2\/types\/post"}],"author":[{"embeddable":true,"href":"https:\/\/fsmcv.org\/vl\/wp-json\/wp\/v2\/users\/2"}],"replies":[{"embeddable":true,"href":"https:\/\/fsmcv.org\/vl\/wp-json\/wp\/v2\/comments?post=14322"}],"version-history":[{"count":0,"href":"https:\/\/fsmcv.org\/vl\/wp-json\/wp\/v2\/posts\/14322\/revisions"}],"wp:attachment":[{"href":"https:\/\/fsmcv.org\/vl\/wp-json\/wp\/v2\/media?parent=14322"}],"wp:term":[{"taxonomy":"category","embeddable":true,"href":"https:\/\/fsmcv.org\/vl\/wp-json\/wp\/v2\/categories?post=14322"},{"taxonomy":"post_tag","embeddable":true,"href":"https:\/\/fsmcv.org\/vl\/wp-json\/wp\/v2\/tags?post=14322"}],"curies":[{"name":"wp","href":"https:\/\/api.w.org\/{rel}","templated":true}]}}