{"id":14510,"date":"2020-02-21T12:24:34","date_gmt":"2020-02-21T11:24:34","guid":{"rendered":"https:\/\/fsmcv.org\/?post_type=fsmcv-noticias&#038;p=14510"},"modified":"2021-04-06T13:53:27","modified_gmt":"2021-04-06T11:53:27","slug":"la-banda-primitiva-oferix-un-concert-amb-quatre-solistes-el-diumenge-1-de-marc","status":"publish","type":"post","link":"https:\/\/fsmcv.org\/vl\/societats-musicals\/la-banda-primitiva-oferix-un-concert-amb-quatre-solistes-el-diumenge-1-de-marc\/","title":{"rendered":"La Banda Primitiva oferix un concert amb quatre solistes el diumenge 1 de mar\u00e7"},"content":{"rendered":"<p><strong>Els solistes s\u00f3n Miguel A. Puchol, Aitor Llimer\u00e0, Jorge L\u00f3pez i Jos\u00e9 Vicente Faubel<\/strong><\/p>\n<p><strong>\u00a0<\/strong><\/p>\n<p>La Banda Primitiva de Ll\u00edria celebra el primer concert de l\u2019any, el pr\u00f2xim diumenge 1 de mar\u00e7, a les 18.30 hores. I ser\u00e0 un concert molt especial, ja que comptar\u00e0 amb quatre solistes del Clar\u00edn com a protagonistes: Miguel A. Puchol (fagot), Aitor Llimer\u00e0 (obo\u00e8), Jorge L\u00f3pez (bombard\u00ed) i Jos\u00e9 Vicente Faubel (tromb\u00f3).<\/p>\n<p>\u201cTenim la sort de tindre al Clar\u00edn int\u00e8rprets de primer nivell\u201d explica el vicepresident de l\u2019\u00c0rea Art\u00edstica, Miguel Cerezo. \u201cAmb este concert, estos quatre m\u00fasics podran demostrar tot el seu virtuosisme i qualitat com a protagonistes, amb quatre concerts molt interessants\u201d.<\/p>\n<p>En este concert, la Banda Primitiva estrenar\u00e0 dos concerts de compositors de la Banda Primitiva: <em>Aires mediterran\u00e9os<\/em> de Ra\u00fal Mart\u00edn, que interpretar\u00e0 el fagotista Miguel A. Puchol; i <em>La Gruta<\/em>, per a bombard\u00ed, de Diego Ni\u00f1erola, que estrenar\u00e0 Jorge L\u00f3pez.<\/p>\n<p>Per la seua banda, Aitor Llimer\u00e0 interpretar\u00e0 el Concert per a obo\u00e8 i orquestra de R. S., mentre que Jos\u00e9 Vicente Faubel actuar\u00e0 com a solista amb el Bone Concerto de Johan de Meij.<\/p>\n<p>El concert tindr\u00e0 lloc el diumenge 1 de mar\u00e7, a les 18.30 hores, al Teatre-Sala de Concerts de la Banda Primitiva de Ll\u00edria. L\u2019entrada \u00e9s gratu\u00efta.<\/p>\n","protected":false},"excerpt":{"rendered":"<p>Els solistes s\u00f3n Miguel A. Puchol, Aitor Llimer\u00e0, Jorge L\u00f3pez i Jos\u00e9 Vicente Faubel<\/p>\n","protected":false},"author":2,"featured_media":0,"comment_status":"closed","ping_status":"closed","sticky":false,"template":"","format":"standard","meta":{"footnotes":""},"categories":[56],"tags":[],"class_list":["post-14510","post","type-post","status-publish","format-standard","hentry","category-societats-musicals"],"_links":{"self":[{"href":"https:\/\/fsmcv.org\/vl\/wp-json\/wp\/v2\/posts\/14510","targetHints":{"allow":["GET"]}}],"collection":[{"href":"https:\/\/fsmcv.org\/vl\/wp-json\/wp\/v2\/posts"}],"about":[{"href":"https:\/\/fsmcv.org\/vl\/wp-json\/wp\/v2\/types\/post"}],"author":[{"embeddable":true,"href":"https:\/\/fsmcv.org\/vl\/wp-json\/wp\/v2\/users\/2"}],"replies":[{"embeddable":true,"href":"https:\/\/fsmcv.org\/vl\/wp-json\/wp\/v2\/comments?post=14510"}],"version-history":[{"count":0,"href":"https:\/\/fsmcv.org\/vl\/wp-json\/wp\/v2\/posts\/14510\/revisions"}],"wp:attachment":[{"href":"https:\/\/fsmcv.org\/vl\/wp-json\/wp\/v2\/media?parent=14510"}],"wp:term":[{"taxonomy":"category","embeddable":true,"href":"https:\/\/fsmcv.org\/vl\/wp-json\/wp\/v2\/categories?post=14510"},{"taxonomy":"post_tag","embeddable":true,"href":"https:\/\/fsmcv.org\/vl\/wp-json\/wp\/v2\/tags?post=14510"}],"curies":[{"name":"wp","href":"https:\/\/api.w.org\/{rel}","templated":true}]}}