{"id":14557,"date":"2020-02-28T11:18:13","date_gmt":"2020-02-28T10:18:13","guid":{"rendered":"https:\/\/fsmcv.org\/?post_type=fsmcv-noticias&#038;p=14557"},"modified":"2021-04-06T13:52:26","modified_gmt":"2021-04-06T11:52:26","slug":"escola-destiu-la-unio-musical-dalaquas","status":"publish","type":"post","link":"https:\/\/fsmcv.org\/vl\/societats-musicals\/escola-destiu-la-unio-musical-dalaquas\/","title":{"rendered":"Escola d&#8217;Estiu &#8211; la Uni\u00f3 Musical d&#8217;Alaqu\u00e0s"},"content":{"rendered":"<p>&nbsp;<\/p>\n<p>Escola d&#8217;Estiu &#8211; la Uni\u00f3 Musical d&#8217;Alaqu\u00e0s &#8211; 29 de juny al 3 de juliol.<\/p>\n<p>&nbsp;<\/p>\n<p><strong>Objectius:<\/strong><\/p>\n<p>La Uni\u00f3 Musical d&#8217;Alaqu\u00e0s organitza l&#8217;Escola d&#8217;Estiu durant els dies 29 de juny al 3 de juliol.<\/p>\n<p>&#8211; L&#8217;Escola d&#8217;Estiu de M\u00fasica i Dansa esta dirigida a alumnes de m\u00fasica i dansa de diferents edats i nivells (elemental, professional).<br \/>\n&#8211; El nombre de places queda limitat a 12 alumnes per professor, per garantir una atenci\u00f3 personalitzada i de qualitat. El criteri d&#8217;admissi\u00f3 sera per rigor\u00f3s ordre d&#8217;inscripci\u00f3. Al mateix temps es requereix un m\u00ednim de 4 alumnes per especialitat.<br \/>\n&#8211; L&#8217;objectiu \u00e9s transmetre a l&#8217;alumne una visi\u00f3 diferent sobre l&#8217;estudi de l&#8217;instrument, o de l&#8217;expressi\u00f3 corporal (en el cas de la dansa), una forma distinta a la metodo\u00adlogia convencional emprada durant el curs, sent un element caracter\u00edstic del treball dedicat a la practica col-lectiva, la convivencia i la dedicaci\u00f3 a l&#8217;estudi de l&#8217;instrument.<\/p>\n<p><strong>Imports<\/strong><\/p>\n<p>L&#8217;import per als alumnes de la UMA es de 260.-\u20ac i per als alumnes d&#8217;altres centre de 280.-\u20ac.<\/p>\n<p>El periode\u00a0d&#8217;inscripci\u00f3 ja est\u00e1\u00a0obert i finalitza el 5 de juny.<\/p>\n<p>Podeu fer l&#8217;inscripci\u00f3 Online o enviant el butllet\u00ed d&#8217;inscripci\u00f3 a <a href=\"mailto:secretaria@musicalalaquas.com\">secretaria@musicalalaquas.com<\/a><\/p>\n","protected":false},"excerpt":{"rendered":"<p>La Uni\u00f3 Musical d&#8217;Alaqu\u00e0s organitza l&#8217;Escola d&#8217;Estiu durant els dies 29 de juny al 3 de juliol.<\/p>\n","protected":false},"author":2,"featured_media":0,"comment_status":"closed","ping_status":"closed","sticky":false,"template":"","format":"standard","meta":{"footnotes":""},"categories":[56],"tags":[],"class_list":["post-14557","post","type-post","status-publish","format-standard","hentry","category-societats-musicals"],"_links":{"self":[{"href":"https:\/\/fsmcv.org\/vl\/wp-json\/wp\/v2\/posts\/14557","targetHints":{"allow":["GET"]}}],"collection":[{"href":"https:\/\/fsmcv.org\/vl\/wp-json\/wp\/v2\/posts"}],"about":[{"href":"https:\/\/fsmcv.org\/vl\/wp-json\/wp\/v2\/types\/post"}],"author":[{"embeddable":true,"href":"https:\/\/fsmcv.org\/vl\/wp-json\/wp\/v2\/users\/2"}],"replies":[{"embeddable":true,"href":"https:\/\/fsmcv.org\/vl\/wp-json\/wp\/v2\/comments?post=14557"}],"version-history":[{"count":0,"href":"https:\/\/fsmcv.org\/vl\/wp-json\/wp\/v2\/posts\/14557\/revisions"}],"wp:attachment":[{"href":"https:\/\/fsmcv.org\/vl\/wp-json\/wp\/v2\/media?parent=14557"}],"wp:term":[{"taxonomy":"category","embeddable":true,"href":"https:\/\/fsmcv.org\/vl\/wp-json\/wp\/v2\/categories?post=14557"},{"taxonomy":"post_tag","embeddable":true,"href":"https:\/\/fsmcv.org\/vl\/wp-json\/wp\/v2\/tags?post=14557"}],"curies":[{"name":"wp","href":"https:\/\/api.w.org\/{rel}","templated":true}]}}