{"id":14564,"date":"2020-02-28T11:33:48","date_gmt":"2020-02-28T10:33:48","guid":{"rendered":"https:\/\/fsmcv.org\/?post_type=fsmcv-noticias&#038;p=14564"},"modified":"2021-04-06T13:52:13","modified_gmt":"2021-04-06T11:52:13","slug":"la-unio-musical-de-sax-reviu-la-seua-historia-en-una-conferencia","status":"publish","type":"post","link":"https:\/\/fsmcv.org\/vl\/societats-musicals\/la-unio-musical-de-sax-reviu-la-seua-historia-en-una-conferencia\/","title":{"rendered":"La Uni\u00f3 Musical de Sax reviu la seua hist\u00f2ria en una confer\u00e8ncia"},"content":{"rendered":"<p style=\"text-align: center;\"><em>La <strong>confer\u00e8ncia<\/strong> se celebrar\u00e0 <strong>diumenge que ve 1 de mar\u00e7 a les 18.00 hores<\/strong> en el local de la Uni\u00f3 Musical i Art\u00edstica de Sax.<\/em><\/p>\n<p>El <strong>Diumenge\u00a0 1 de mar\u00e7 a les 18:00h<\/strong>. tindr\u00e0 lloc en el <strong>local social<\/strong> una interessant xarrada sobre la hist\u00f2ria de la <strong>Societat Uni\u00f3 Musical i Art\u00edstica de Sax<\/strong>, que se suma a la resta d&#8217;actes de celebraci\u00f3 del <strong>90 aniversari<\/strong> que la Uni\u00f3 Musical realitzar\u00e0 durant l&#8217;any.<\/p>\n<p>El <strong>sal\u00f3 d&#8217;assajos \u201cMaestro Trinidad\u201d<\/strong> acollir\u00e0 la confer\u00e8ncia \u201c1929-2019: 90 anys de la Societat Uni\u00f3 Musical i Art\u00edstica de Sax. M\u00fasica i patrimoni immaterial saixenc\u201d, impartida per l&#8217;historiador saixenc i anterior component de la banda <strong>Alberto Ochoa<\/strong>.<\/p>\n<p>En ella, l&#8217;historiador recorrer\u00e0 els <strong>90 anys d&#8217;hist\u00f2ria<\/strong> de la Uni\u00f3 Musical: des de la fusi\u00f3 de les dues bandes fins a l&#8217;actualitat; i ressaltar\u00e0 la import\u00e0ncia que aquesta ha tingut al llarg dels anys a Sax com a <strong>\u201cpatrimoni immaterial saixenc\u201d.<\/strong> A m\u00e9s, l&#8217;entrada ser\u00e0 gratu\u00efta.<\/p>\n<p>Per a m\u00e9s informaci\u00f3 poden visitar la nostra p\u00e0gina web: <a href=\"http:\/\/www.sumasax.es\" target=\"_blank\" rel=\"noopener\">www.sumasax.es<\/a><\/p>\n","protected":false},"excerpt":{"rendered":"<p>La confer\u00e8ncia se celebrar\u00e0 diumenge que ve 1 de mar\u00e7 a les 18.00 hores en el local de la Uni\u00f3 Musical i Art\u00edstica de Sax.<\/p>\n","protected":false},"author":2,"featured_media":0,"comment_status":"closed","ping_status":"closed","sticky":false,"template":"","format":"standard","meta":{"footnotes":""},"categories":[56],"tags":[],"class_list":["post-14564","post","type-post","status-publish","format-standard","hentry","category-societats-musicals"],"_links":{"self":[{"href":"https:\/\/fsmcv.org\/vl\/wp-json\/wp\/v2\/posts\/14564","targetHints":{"allow":["GET"]}}],"collection":[{"href":"https:\/\/fsmcv.org\/vl\/wp-json\/wp\/v2\/posts"}],"about":[{"href":"https:\/\/fsmcv.org\/vl\/wp-json\/wp\/v2\/types\/post"}],"author":[{"embeddable":true,"href":"https:\/\/fsmcv.org\/vl\/wp-json\/wp\/v2\/users\/2"}],"replies":[{"embeddable":true,"href":"https:\/\/fsmcv.org\/vl\/wp-json\/wp\/v2\/comments?post=14564"}],"version-history":[{"count":0,"href":"https:\/\/fsmcv.org\/vl\/wp-json\/wp\/v2\/posts\/14564\/revisions"}],"wp:attachment":[{"href":"https:\/\/fsmcv.org\/vl\/wp-json\/wp\/v2\/media?parent=14564"}],"wp:term":[{"taxonomy":"category","embeddable":true,"href":"https:\/\/fsmcv.org\/vl\/wp-json\/wp\/v2\/categories?post=14564"},{"taxonomy":"post_tag","embeddable":true,"href":"https:\/\/fsmcv.org\/vl\/wp-json\/wp\/v2\/tags?post=14564"}],"curies":[{"name":"wp","href":"https:\/\/api.w.org\/{rel}","templated":true}]}}