{"id":14567,"date":"2020-02-28T12:34:51","date_gmt":"2020-02-28T11:34:51","guid":{"rendered":"https:\/\/fsmcv.org\/?post_type=fsmcv-noticias&#038;p=14567"},"modified":"2021-03-25T19:41:47","modified_gmt":"2021-03-25T18:41:47","slug":"bandes-a-les-arts-1-marzo","status":"publish","type":"post","link":"https:\/\/fsmcv.org\/vl\/noticies-campanyes\/bandes-a-les-arts\/bandes-a-les-arts-1-marzo\/","title":{"rendered":"La FSMCV i el Palau de les Arts Reina Sofia inicien diumenge que ve el cicle \u201cBandes a les Arts\u201d"},"content":{"rendered":"<p>La Federaci\u00f3 de Societats Musicals de la Comunitat Valenciana (FSMCV) i la Fundaci\u00f3 de la Comunitat Valenciana Palau de les Arts Reina Sofia iniciaran el diumenge que ve, 1 de mar\u00e7, el cicle \u201cBandes a les Arts\u201d amb l&#8217;actuaci\u00f3 de la Uni\u00f3 Musical de Mislata i Societat Musical Uni\u00f3 de Pescadors (Val\u00e8ncia).<\/p>\n<p>Aquest programa permet anualment oferir concerts de les Societats Musicals federades dins de la programaci\u00f3 del Palau de les Arts, en virtut del conveni subscrit entre la FSMCV i la Fundaci\u00f3 Palau de les Arts.<\/p>\n<p>Per a participar en aquest cicle, les Societats Musicals interessades han presentat un projecte en el qual s&#8217;ha valorat tant la qualitat de la proposta com la integraci\u00f3 del repertori dins de la programaci\u00f3 l\u00edrica de l&#8217;auditori, coincidint amb els compositors programats en cartell corresponents a cada data de concert triada. Al costat d&#8217;aix\u00f2, s&#8217;han tingut en compte altres factors com l&#8217;inter\u00e9s musical del repertori complet, la innovaci\u00f3 de la proposta i l&#8217;aportaci\u00f3 de valors associats a la igualtat de g\u00e8nere, la intergeneracionalitat, l&#8217;atenci\u00f3 a la discapacitat o a col\u00b7lectius amb el risc d&#8217;exclusi\u00f3 social.<\/p>\n<p>&nbsp;<\/p>\n<p><strong>Els primers dos concerts del cicle comptaran amb un repertori simf\u00f2nic, \u00f2pera, sarsuela i dansa<\/strong><\/p>\n<p>La primera Societat Musical que actuar\u00e0 en aquest cicle \u00e9s la Uni\u00f3 Musical de Mislata, a les 12.00 hores, amb l&#8217;espectacle \u201c*Sentire\u201d, una mescla de m\u00fasica, il\u00b7luminaci\u00f3 i dansa ideat per Alejandro Galarza Garc\u00eda, el seu director art\u00edstic i musical. El concert comptar\u00e0 amb els directors Juan Jos\u00e9 Visquert, Pepa Cervera, Marta Polo i Manel Igualada i amb les veus de Yolanda Mar\u00edn (soprano), Vera del Pi (soprano) i Javier Agull\u00f3n (tenor), aix\u00ed com amb Raquel Roldan (dansa i art).<\/p>\n<p>El repertori obrir\u00e0 amb un bloc simf\u00f2nic, amb peces de H\u00e4ndel i Mozart i continuar\u00e0 amb un rep\u00e0s a grans obres d&#8217;\u00f2pera, amb gran protagonisme de composicions de G.Verdi, aix\u00ed com de sarsuela, fent \u00e8mfasi en obres del mestre de Sueca, Jos\u00e9 Serrano.<\/p>\n<p>El cicle Bandes a les Arts continuar\u00e0 a les 17.00 hores amb el concert de la Societat Musical Uni\u00f3 de Pescadors, banda de m\u00fasica del barri del Cabanyal amb un origen que es remunta a l&#8217;any 1884. Per a aquest concert, la societat musical vol reivindicar el paper de la dona dins de la m\u00fasica, silenciades durant segles. Per a aix\u00f2 oferiran un repertori especial, incorporant la figura de la dona com a protagonista a trav\u00e9s de l&#8217;\u00f2pera \u2018Carmen\u2019 de G.Bizet i \u2018La Tavernera del Port\u2019, de P. Solaz\u00e1bal. Tamb\u00e9, com a manera de visibilitzar el talent femen\u00ed de la banda de la Societat Musical Uni\u00f3 de Pescadors, la interpretaci\u00f3 dels solos dins del repertori estaran protagonitzats per dones.<\/p>\n<p>El cicle Bandes a les Arts continuar\u00e0 amb els concerts del pr\u00f2xim 29 de mar\u00e7 amb les actuacions del Centre Instructiu Musical de Massanassa i la Societat Renaixement Musical de Vinalesa; i el 26 d&#8217;abril, amb la Societat Musical Amics de la M\u00fasica de Benifaraig i la Societat Musical i Recreativa Lira Casino Carcaixent\u00ed.<\/p>\n<p><a href=\"https:\/\/fsmcv.org\/BTnet-storage\/wp-uploads\/2020\/02\/Programa-Bandes-a-Les-Arts-1-de-marzo.pdf\">Programa Bandes a Les Arts 1 de marzo<\/a><\/p>\n","protected":false},"excerpt":{"rendered":"<p>Aquest programa permet anualment oferir concerts de les Societats Musicals federades dins de la programaci\u00f3 del Palau de les Arts, en virtut del conveni subscrit entre la FSMCV i la Fundaci\u00f3 Palau de les Arts.<\/p>\n","protected":false},"author":2,"featured_media":0,"comment_status":"closed","ping_status":"closed","sticky":false,"template":"","format":"standard","meta":{"footnotes":""},"categories":[37],"tags":[],"class_list":["post-14567","post","type-post","status-publish","format-standard","hentry","category-bandes-a-les-arts"],"_links":{"self":[{"href":"https:\/\/fsmcv.org\/vl\/wp-json\/wp\/v2\/posts\/14567","targetHints":{"allow":["GET"]}}],"collection":[{"href":"https:\/\/fsmcv.org\/vl\/wp-json\/wp\/v2\/posts"}],"about":[{"href":"https:\/\/fsmcv.org\/vl\/wp-json\/wp\/v2\/types\/post"}],"author":[{"embeddable":true,"href":"https:\/\/fsmcv.org\/vl\/wp-json\/wp\/v2\/users\/2"}],"replies":[{"embeddable":true,"href":"https:\/\/fsmcv.org\/vl\/wp-json\/wp\/v2\/comments?post=14567"}],"version-history":[{"count":0,"href":"https:\/\/fsmcv.org\/vl\/wp-json\/wp\/v2\/posts\/14567\/revisions"}],"wp:attachment":[{"href":"https:\/\/fsmcv.org\/vl\/wp-json\/wp\/v2\/media?parent=14567"}],"wp:term":[{"taxonomy":"category","embeddable":true,"href":"https:\/\/fsmcv.org\/vl\/wp-json\/wp\/v2\/categories?post=14567"},{"taxonomy":"post_tag","embeddable":true,"href":"https:\/\/fsmcv.org\/vl\/wp-json\/wp\/v2\/tags?post=14567"}],"curies":[{"name":"wp","href":"https:\/\/api.w.org\/{rel}","templated":true}]}}