{"id":14591,"date":"2020-03-06T15:32:53","date_gmt":"2020-03-06T14:32:53","guid":{"rendered":"https:\/\/fsmcv.org\/?post_type=fsmcv-noticias&#038;p=14591"},"modified":"2021-04-06T13:51:41","modified_gmt":"2021-04-06T11:51:41","slug":"%f0%9f%93%85-escola-de-musica-cercle-catolic-de-torrent-activitats-del-dissabte-14-de-marc","status":"publish","type":"post","link":"https:\/\/fsmcv.org\/vl\/societats-musicals\/%f0%9f%93%85-escola-de-musica-cercle-catolic-de-torrent-activitats-del-dissabte-14-de-marc\/","title":{"rendered":"&#x1f4c5; Escola de M\u00fasica Cercle Cat\u00f2lic de Torrent: activitats del dissabte 14 de Mar\u00e7."},"content":{"rendered":"<p>&#x1f4c5; Escola de M\u00fasica Cercle Cat\u00f2lic de Torrent: activitats del dissabte 14 de Mar\u00e7.<\/p>\n<p><img fetchpriority=\"high\" decoding=\"async\" class=\"aligncenter size-large wp-image-14593\" src=\"https:\/\/fsmcv.org\/BTnet-storage\/wp-uploads\/2020\/03\/Audicion-Clarinete-y-Trompeta-14-03-2020-1024x538.jpg\" alt=\"\" width=\"1024\" height=\"538\" title=\"\"><\/p>\n<ul>\n<li>Audici\u00f3 de Clarinet i Trompa a l&#8217;Aula de Cor de l&#8217;Escola de M\u00fasica Cercle Cat\u00f2lic de Torrent en la qual participen els Alumnes de Clarinet dels professors Mar\u00eda Jos\u00e9 Olmo Uceda i Pedro Hugo Ort\u00edz Garrit i els Alumnes de Trompeta del professor \u00c1ngel Chuli\u00e1 Gald\u00f3n.<\/li>\n<\/ul>\n<p>Informaci\u00f3 ampliada: <a href=\"https:\/\/escuelamusicacctorrent.com\/audiciones\/audicion-de-clarinete-trompeta-14-03-2020\/\" target=\"_blank\" rel=\"noopener\">https:\/\/escuelamusicacctorrent.com\/audiciones\/audicion-de-clarinete-trompeta-14-03-2020\/<\/a><\/p>\n<p><img decoding=\"async\" class=\"aligncenter size-large wp-image-14594\" src=\"https:\/\/fsmcv.org\/BTnet-storage\/wp-uploads\/2020\/03\/Xocolata-2020-1024x576.jpg\" alt=\"\" width=\"1024\" height=\"576\" title=\"\"><\/p>\n<ul>\n<li>Xocolat\u00e0: Un any m\u00e9s se celebra amb ambient faller la tradicional Xocolat\u00e0, amb la col\u00b7laboraci\u00f3 especial de la Banda Simf\u00f2nica del Cercle Cat\u00f2lic de Torrent, per a tots els alumnes de l&#8217;Escola, els seus familiars i amics, el dissabte dia 14 a les 11.30.<\/li>\n<\/ul>\n<p>Informaci\u00f3 ampliada: <a href=\"https:\/\/escuelamusicacctorrent.com\/xocolata\/xocalata-2020\/\" target=\"_blank\" rel=\"noopener\">https:\/\/escuelamusicacctorrent.com\/xocolata\/xocalata-2020\/<\/a><\/p>\n","protected":false},"excerpt":{"rendered":"<p>&#x1f4c5; Escola de M\u00fasica Cercle Cat\u00f2lic de Torrent: activitats del dissabte 14 de Mar\u00e7. Audici\u00f3 de Clarinet i Trompa a l&#8217;Aula de Cor de l&#8217;Escola de M\u00fasica Cercle Cat\u00f2lic de Torrent en la qual participen els Alumnes de Clarinet dels professors Mar\u00eda Jos\u00e9 Olmo Uceda i Pedro Hugo Ort\u00edz Garrit i els Alumnes de Trompeta [&hellip;]<\/p>\n","protected":false},"author":2,"featured_media":0,"comment_status":"closed","ping_status":"closed","sticky":false,"template":"","format":"standard","meta":{"footnotes":""},"categories":[56],"tags":[],"class_list":["post-14591","post","type-post","status-publish","format-standard","hentry","category-societats-musicals"],"_links":{"self":[{"href":"https:\/\/fsmcv.org\/vl\/wp-json\/wp\/v2\/posts\/14591","targetHints":{"allow":["GET"]}}],"collection":[{"href":"https:\/\/fsmcv.org\/vl\/wp-json\/wp\/v2\/posts"}],"about":[{"href":"https:\/\/fsmcv.org\/vl\/wp-json\/wp\/v2\/types\/post"}],"author":[{"embeddable":true,"href":"https:\/\/fsmcv.org\/vl\/wp-json\/wp\/v2\/users\/2"}],"replies":[{"embeddable":true,"href":"https:\/\/fsmcv.org\/vl\/wp-json\/wp\/v2\/comments?post=14591"}],"version-history":[{"count":0,"href":"https:\/\/fsmcv.org\/vl\/wp-json\/wp\/v2\/posts\/14591\/revisions"}],"wp:attachment":[{"href":"https:\/\/fsmcv.org\/vl\/wp-json\/wp\/v2\/media?parent=14591"}],"wp:term":[{"taxonomy":"category","embeddable":true,"href":"https:\/\/fsmcv.org\/vl\/wp-json\/wp\/v2\/categories?post=14591"},{"taxonomy":"post_tag","embeddable":true,"href":"https:\/\/fsmcv.org\/vl\/wp-json\/wp\/v2\/tags?post=14591"}],"curies":[{"name":"wp","href":"https:\/\/api.w.org\/{rel}","templated":true}]}}