{"id":14599,"date":"2020-03-06T15:47:48","date_gmt":"2020-03-06T14:47:48","guid":{"rendered":"https:\/\/fsmcv.org\/?post_type=fsmcv-noticias&#038;p=14599"},"modified":"2020-09-27T18:14:03","modified_gmt":"2020-09-27T18:14:03","slug":"lorquestra-de-valencia-organitza-un-concert-amb-motiu-del-dia-internacional-de-la-dona","status":"publish","type":"post","link":"https:\/\/fsmcv.org\/vl\/noticies-campanyes\/musica-a-la-llum\/lorquestra-de-valencia-organitza-un-concert-amb-motiu-del-dia-internacional-de-la-dona\/","title":{"rendered":"L&#8217;ORQUESTRA DE VAL\u00c8NCIA ORGANITZA UN CONCERT AMB MOTIU DEL DIA INTERNACIONAL DE LA DONA"},"content":{"rendered":"<p><strong>L&#8217;Orquestra de Val\u00e8ncia, com a homenatge al Dia Internacional de la Dona que se celebra el 8 de mar\u00e7, interpretar\u00e0 el pr\u00f2xim divendres un concert \u201cextraordinari\u201d en el Teatre El Musical. Un espectacle que s&#8217;iniciar\u00e0 a les 19.30 hores i que estar\u00e0 protagonitzat per la directora nord-americana Anne Manson i la violinista valenciana Esther Vidal. La regidora de Cultura i presidenta del Palau de la M\u00fasica, Gloria Tello, ha manifestat que \u201cdonem suport al Dia de la Dona de la millor manera possible, amb m\u00fasica, visibilitzant el treball de tres grans compositores del segle XX\u201d.<\/strong><\/p>\n<p><strong>\u00a0<\/strong><\/p>\n<p>La regidora de Cultura i presidenta del Palau de la M\u00fasica, Gloria Tello, ha remarcat \u201cla pres\u00e8ncia d&#8217;una directora internacional que debuta a Val\u00e8ncia, com \u00e9s Anne Manson, i la qualitat de la nostra solista de viol\u00ed, Esther Vidal\u201d. Els i les assistents podran escoltar el preludi de l&#8217;Acte II de \u201cThe Wreckers\u201d d\u2019Ethel Smyth, que va ser una de les l\u00edders del moviment sufragista angl\u00e8s; el Concert per a orquestra de cordes de Gra\u017cyna Bacewicz, pianista i violinista polonesa; la suite per a orquestra \u201cThe Land\u201d d&#8217;Elizabeth Maconchy, molt coneguda pels seus tretze quartets per a corda; aix\u00ed com el fam\u00f3s Concert n\u00fam. 5 per a viol\u00ed i orquestra en la major de Wolfgang Amadeus Mozart, que ser\u00e0 interpretat per Esther Vidal. El director del Palau, Vicent Ros, ha comentat \u201cla qualitat, el comprom\u00eds i la professionalitat en el dia a dia de les nostres professores de l&#8217;Orquestra\u201d.<\/p>\n<p>&nbsp;<\/p>\n<p><strong>ANNE MANSON I ESTHER VIDAL<\/strong><\/p>\n<p><strong>\u00a0<\/strong><\/p>\n<p>De la vasta traject\u00f2ria professional d&#8217;Anne Manson, que com s&#8217;ha comentat debutar\u00e0 a Val\u00e8ncia aquest divendres 6 de mar\u00e7, destaca que va ser la primera directora convidada al Festival de Salzburg, on va dirigir la Filharm\u00f2nica de Viena. Aix\u00ed mateix, \u00e9s directora titular de l&#8217;Orquestra de Cambra de Manitoba i ha estat convidada per formacions com les Filharm\u00f2niques de Los Angeles i Londres, Simf\u00f2niques de Houston i Indianapolis o la BBC Scottish Orchestra, entre altres. Manson ha dirigit \u00f2pera en teatres tan emblem\u00e0tics com les \u00f2peres de Washington, San Francisco, Reial d&#8217;Estocolm, Ginebra o el Reial de la Moneda Brussel\u00b7les.<\/p>\n<p>&nbsp;<\/p>\n<p>Per la seua part, Esther Vidal Mart\u00ed, amb 16 anys va entrar a formar part de la Jove Orquestra Nacional d&#8217;Espanya, on va ser becada per a estudiar en el Reial Conservatori de M\u00fasica de Brussel\u00b7les, de 1990 a 1993 amb A. Le\u00f3n Ara i els seus assistents: A. Kleve i A. Korniszewsky. Va ser concertino de l&#8217;Orquestra del Conservatori Joaqu\u00edn Rodrigo de Val\u00e8ncia. A m\u00e9s, \u00e9s membre del Collegium Instrumentale i ha col\u00b7laborat amb diferents orquestres, entre altres la Simf\u00f2nica de Barcelona i Nacional de Catalunya, Ciutat de Granada i Simf\u00f2nica de Santo Domingo. \u00c9s col\u00b7laboradora habitual de l&#8217;Orquestra de Cadaqu\u00e9s i concertino del Ensemble Musicae i primer viol\u00ed del Quintet Casulana.<\/p>\n","protected":false},"excerpt":{"rendered":"<p>Este divendres 6 de mar\u00e7, des de les 19.30 hores, al Teatre El Musical<\/p>\n","protected":false},"author":2,"featured_media":0,"comment_status":"closed","ping_status":"closed","sticky":false,"template":"","format":"standard","meta":{"footnotes":""},"categories":[10],"tags":[],"class_list":["post-14599","post","type-post","status-publish","format-standard","hentry","category-musica-a-la-llum"],"_links":{"self":[{"href":"https:\/\/fsmcv.org\/vl\/wp-json\/wp\/v2\/posts\/14599","targetHints":{"allow":["GET"]}}],"collection":[{"href":"https:\/\/fsmcv.org\/vl\/wp-json\/wp\/v2\/posts"}],"about":[{"href":"https:\/\/fsmcv.org\/vl\/wp-json\/wp\/v2\/types\/post"}],"author":[{"embeddable":true,"href":"https:\/\/fsmcv.org\/vl\/wp-json\/wp\/v2\/users\/2"}],"replies":[{"embeddable":true,"href":"https:\/\/fsmcv.org\/vl\/wp-json\/wp\/v2\/comments?post=14599"}],"version-history":[{"count":0,"href":"https:\/\/fsmcv.org\/vl\/wp-json\/wp\/v2\/posts\/14599\/revisions"}],"wp:attachment":[{"href":"https:\/\/fsmcv.org\/vl\/wp-json\/wp\/v2\/media?parent=14599"}],"wp:term":[{"taxonomy":"category","embeddable":true,"href":"https:\/\/fsmcv.org\/vl\/wp-json\/wp\/v2\/categories?post=14599"},{"taxonomy":"post_tag","embeddable":true,"href":"https:\/\/fsmcv.org\/vl\/wp-json\/wp\/v2\/tags?post=14599"}],"curies":[{"name":"wp","href":"https:\/\/api.w.org\/{rel}","templated":true}]}}