{"id":14608,"date":"2020-03-06T16:00:21","date_gmt":"2020-03-06T15:00:21","guid":{"rendered":"https:\/\/fsmcv.org\/?post_type=fsmcv-noticias&#038;p=14608"},"modified":"2021-04-06T13:51:24","modified_gmt":"2021-04-06T11:51:24","slug":"lola-martinez-nova-directora-de-la-coral-polifonica-del-clarin","status":"publish","type":"post","link":"https:\/\/fsmcv.org\/vl\/societats-musicals\/lola-martinez-nova-directora-de-la-coral-polifonica-del-clarin\/","title":{"rendered":"Lola Mart\u00ednez, nova directora de la Coral Polif\u00f2nica del Clarin"},"content":{"rendered":"<p><strong><em>L\u2019agrupaci\u00f3 comen\u00e7a una nova etapa amb l\u2019objectiu d\u2019impulsar la seua qualitat musical<\/em> <\/strong><\/p>\n<p><strong>\u00a0<\/strong><\/p>\n<p>La Coral Polif\u00f2nica de l\u2019Ateneu Musical i d\u2019Ensenyament Banda Primitiva de Ll\u00edria t\u00e9 nova directora titular: Lola Mart\u00ednez; que s\u2019ha incorporat a la direcci\u00f3 de l\u2019agrupaci\u00f3 des de finals del mes de gener.<\/p>\n<p>Lola Mart\u00ednez t\u00e9 la titulaci\u00f3 de Pedagogia del Piano, cursada en el Conservatori Superior de M\u00fasica de Castell\u00f3; i compta amb una \u00e0mplia traject\u00f2ria com a piano acompanyant d\u2019int\u00e8rprets i cantants. A m\u00e9s, durant la seua carrera professional, ha rebut classes de t\u00e8cnica vocal i, tamb\u00e9, ha sigut fundadora i membre d\u2019algunes formacions corals, com el Cor de Cambra de l\u2019Eliana.<\/p>\n<p>\u201cComen\u00e7a una nova etapa a la Coral Polif\u00f2nica de la m\u00e0 d\u2019una gran professional, amb una dilatada traject\u00f2ria en el m\u00f3n de les corals\u201d explica el vicepresident de l\u2019\u00c0rea Art\u00edstica, Miguel Cerezo. \u201cTreballar amb diferents directors, et dona la possibilitat de con\u00e8ixer diferents punts de vista; un fet que sempre \u00e9s enriquidor com a m\u00fasic\u201d.<\/p>\n<p>\u201cEls membres de la coral porten m\u00e9s d\u2019un mes treballant amb Lola i les sensacions s\u00f3n molt positives. Des de la Junta Directiva, volem donar un nou impuls a la Coral Polif\u00f2nica i potenciar la seua qualitat musical. Hem de tenir present que la majoria de les persones que participen en la coral s\u00f3n persones amateurs, que necessiten m\u00e8todes d\u2019aprenentatge diferents als dels m\u00fasics professionals\u201d.<\/p>\n<p>La fundaci\u00f3 de la Coral Polif\u00f2nica del Clar\u00edn es remunta als primers anys de la societat, encara que va prendre rellev\u00e0ncia a principis del segle XX, com a part integrant del quadre art\u00edstic en la representaci\u00f3 de drames l\u00edrics i sarsueles.<\/p>\n<p>Va ser l\u2019any 1994, quan la Banda Primitiva va rellan\u00e7ar esta agrupaci\u00f3 de la m\u00e0 de Vicente Barona. La seua direcci\u00f3 titular ha estat ocupada, entre d\u2019altres, per Vicente Lafuente, Carla Sanmart\u00edn, \u00c8mpar Ll\u00e0cer, Carlos D\u00edaz o Rogelio de Juan.<\/p>\n","protected":false},"excerpt":{"rendered":"<p>La Coral Polif\u00f2nica de l\u2019Ateneu Musical i d\u2019Ensenyament Banda Primitiva de Ll\u00edria t\u00e9 nova directora titular: Lola Mart\u00ednez; que s\u2019ha incorporat a la direcci\u00f3 de l\u2019agrupaci\u00f3 des de finals del mes de gener.<\/p>\n","protected":false},"author":2,"featured_media":0,"comment_status":"closed","ping_status":"closed","sticky":false,"template":"","format":"standard","meta":{"footnotes":""},"categories":[56],"tags":[],"class_list":["post-14608","post","type-post","status-publish","format-standard","hentry","category-societats-musicals"],"_links":{"self":[{"href":"https:\/\/fsmcv.org\/vl\/wp-json\/wp\/v2\/posts\/14608","targetHints":{"allow":["GET"]}}],"collection":[{"href":"https:\/\/fsmcv.org\/vl\/wp-json\/wp\/v2\/posts"}],"about":[{"href":"https:\/\/fsmcv.org\/vl\/wp-json\/wp\/v2\/types\/post"}],"author":[{"embeddable":true,"href":"https:\/\/fsmcv.org\/vl\/wp-json\/wp\/v2\/users\/2"}],"replies":[{"embeddable":true,"href":"https:\/\/fsmcv.org\/vl\/wp-json\/wp\/v2\/comments?post=14608"}],"version-history":[{"count":0,"href":"https:\/\/fsmcv.org\/vl\/wp-json\/wp\/v2\/posts\/14608\/revisions"}],"wp:attachment":[{"href":"https:\/\/fsmcv.org\/vl\/wp-json\/wp\/v2\/media?parent=14608"}],"wp:term":[{"taxonomy":"category","embeddable":true,"href":"https:\/\/fsmcv.org\/vl\/wp-json\/wp\/v2\/categories?post=14608"},{"taxonomy":"post_tag","embeddable":true,"href":"https:\/\/fsmcv.org\/vl\/wp-json\/wp\/v2\/tags?post=14608"}],"curies":[{"name":"wp","href":"https:\/\/api.w.org\/{rel}","templated":true}]}}