{"id":14614,"date":"2020-03-06T16:13:19","date_gmt":"2020-03-06T15:13:19","guid":{"rendered":"https:\/\/fsmcv.org\/?post_type=fsmcv-noticias&#038;p=14614"},"modified":"2021-03-25T19:26:50","modified_gmt":"2021-03-25T18:26:50","slug":"marc-femeni-escola-samvo","status":"publish","type":"post","link":"https:\/\/fsmcv.org\/vl\/area-educativa-vl\/marc-femeni-escola-samvo\/","title":{"rendered":"&#8220;Mar\u00e7 femen\u00ed&#8221;: Escola SAMVO"},"content":{"rendered":"<p>Durant el mes de mar\u00e7 l&#8217;escola de m\u00fasica SAMVO (Onda) realitzar\u00e0 en les classes, file musical i activitats un mes dedicat a les primeres compositores, directores i int\u00e8rprets de la hist\u00f2ria de la m\u00fasica.<\/p>\n<p>Tamb\u00e9 faran l&#8217;\u00faltima setmana de tem\u00e0tica un reconeixement a les pr\u00f2pies int\u00e8rprets de la seua escola.<\/p>\n","protected":false},"excerpt":{"rendered":"<p>Durant el mes de mar\u00e7 l&#8217;escola de m\u00fasica SAMVO (Onda) realitzar\u00e0 en les classes, file musical i activitats un mes dedicat a les primeres compositores, directores i int\u00e8rprets de la hist\u00f2ria de la m\u00fasica. Tamb\u00e9 faran l&#8217;\u00faltima setmana de tem\u00e0tica un reconeixement a les pr\u00f2pies int\u00e8rprets de la seua escola.<\/p>\n","protected":false},"author":2,"featured_media":0,"comment_status":"closed","ping_status":"closed","sticky":false,"template":"","format":"standard","meta":{"footnotes":""},"categories":[161],"tags":[],"class_list":["post-14614","post","type-post","status-publish","format-standard","hentry","category-area-educativa-vl"],"_links":{"self":[{"href":"https:\/\/fsmcv.org\/vl\/wp-json\/wp\/v2\/posts\/14614","targetHints":{"allow":["GET"]}}],"collection":[{"href":"https:\/\/fsmcv.org\/vl\/wp-json\/wp\/v2\/posts"}],"about":[{"href":"https:\/\/fsmcv.org\/vl\/wp-json\/wp\/v2\/types\/post"}],"author":[{"embeddable":true,"href":"https:\/\/fsmcv.org\/vl\/wp-json\/wp\/v2\/users\/2"}],"replies":[{"embeddable":true,"href":"https:\/\/fsmcv.org\/vl\/wp-json\/wp\/v2\/comments?post=14614"}],"version-history":[{"count":0,"href":"https:\/\/fsmcv.org\/vl\/wp-json\/wp\/v2\/posts\/14614\/revisions"}],"wp:attachment":[{"href":"https:\/\/fsmcv.org\/vl\/wp-json\/wp\/v2\/media?parent=14614"}],"wp:term":[{"taxonomy":"category","embeddable":true,"href":"https:\/\/fsmcv.org\/vl\/wp-json\/wp\/v2\/categories?post=14614"},{"taxonomy":"post_tag","embeddable":true,"href":"https:\/\/fsmcv.org\/vl\/wp-json\/wp\/v2\/tags?post=14614"}],"curies":[{"name":"wp","href":"https:\/\/api.w.org\/{rel}","templated":true}]}}