{"id":14720,"date":"2020-04-01T12:28:25","date_gmt":"2020-04-01T10:28:25","guid":{"rendered":"https:\/\/fsmcv.org\/?post_type=fsmcv-noticias&#038;p=14720"},"modified":"2021-03-25T19:08:10","modified_gmt":"2021-03-25T18:08:10","slug":"la-confederacion-espanola-de-sociedades-musicales-remite-al-ministerio-de-cultura-33-medidas-para-afrontar-el-covid-19","status":"publish","type":"post","link":"https:\/\/fsmcv.org\/vl\/certamens\/la-confederacion-espanola-de-sociedades-musicales-remite-al-ministerio-de-cultura-33-medidas-para-afrontar-el-covid-19\/","title":{"rendered":"La Confederaci\u00f3 Espanyola de Societats Musicals remet al Ministeri de Cultura 33 mesures per a afrontar el Covid-19"},"content":{"rendered":"<p>La Confederaci\u00f3 Espanyola de Societats Musicals (CoESsM) ha rem\u00e9s al ministre de Cultura, Jos\u00e9 Manuel Rodr\u00edguez Uribes un document on exposa la reivindicacions del col\u00b7lectiu, format per 1.100 societats musicals, amb 80.000 m\u00fasics, 120.000 alumnes d&#8217;escoles de m\u00fasica i 1.000.000 de socis, agrupades en les diverses federacions territorials existents en l&#8217;Estat espanyol; aix\u00ed com d&#8217;associacions de m\u00fasics professionals, directors d&#8217;orquestra i de bandes en relaci\u00f3 amb la crisi del Covid-19.<\/p>\n<p>El document inclou 33 punts amb mesures de car\u00e0cter general, relacionades amb les activitats educatives de les societats musicals, ajuntaments o altres organismes de car\u00e0cter local; empreses, aut\u00f2noms i cooperatives benefici\u00e0ries d&#8217;ajudes i subvencions o contractacions p\u00fabliques; de suport financer, fiscals i tribut\u00e0ries per a recolzar al sector cultural, en general, i el musical en particular.<\/p>\n<p>La CoESsM, que sol\u00b7licita al Govern d&#8217;Espanya ajudes espec\u00edfiques i que siga sensible amb la greu situaci\u00f3 que travessa la m\u00fasica, respon amb aquestes peticions a la crida de Rodr\u00edguez Uribes que va demanar que es feren proposades per a reconstruir cada \u00e0mbit cultural. L&#8217;objectiu \u00e9s intentar preservar el futur del col\u00b7lectiu en aquesta excepcional conjuntura provocada per la pand\u00e8mia del coronavirus, tal com estan fent pa\u00efsos com Alemanya, It\u00e0lia, Fran\u00e7a o Regne Unit desenvolupant programes que compensen les seues greus conseq\u00fc\u00e8ncies.<\/p>\n<p>L&#8217;entitat considera imprescindible donar solucions urgents que asseguren la superviv\u00e8ncia, continu\u00eftat i sostenibilitat de m\u00fasics, artistes, professionals de la gesti\u00f3 cultural i persones treballadores d&#8217;empreses vinculades al sector, tant en el vessant professional com\u00a0amateur; aix\u00ed com el professorat de les escoles de m\u00fasica i dels centres autoritzats.<\/p>\n<h4><strong>Gabinet de crisi<\/strong><\/h4>\n<p>El paquet d&#8217;iniciatives proposa la constituci\u00f3 d&#8217;un gabinet de crisi per a atendre la situaci\u00f3 del sector cultural amb el ministre de Cultura i Esport com a coordinador de l&#8217;acci\u00f3 interinstitucional entre l&#8217;Estat, les autonomies i els municipis, i la posada en marxa d&#8217;un pla de xoc amb car\u00e0cter d&#8217;urg\u00e8ncia per a evitar la desaparici\u00f3 d&#8217;un sector cultural amb milers d&#8217;associacions, agrupacions art\u00edstiques, escoles, artistes, int\u00e8rprets, empreses, mitjans de comunicaci\u00f3, professionals de la gesti\u00f3 cultural\u2026<\/p>\n<p>Per aix\u00f2, insta a incrementar immediatament el pressupost de Cultura al 2%; la creaci\u00f3 de l\u00ednies d&#8217;ajuda, injecci\u00f3 econ\u00f2mica en les xarxes i circuits de programaci\u00f3 p\u00fablics i privats perqu\u00e8 s&#8217;estimule la reprogramaci\u00f3 d&#8217;activitats cancel\u00b7lades; la consideraci\u00f3 d&#8217;entitats en situaci\u00f3 de vulnerabilitat econ\u00f2mica per a les societats musicals i la seua inclusi\u00f3 en l&#8217;\u00e0mbit d&#8217;aplicaci\u00f3 de la morat\u00f2ria sobre els deutes hipotecaris immobiliaris.<\/p>\n<p>Tamb\u00e9 planteja que es paguen totes les ajudes i subvencions de l&#8217;exercici 2019, o anteriors, que ja estiguen justificades, aix\u00ed com de les actuacions o altres serveis que ja hagen sigut realitzats a la data d&#8217;inici de l&#8217;estat d&#8217;alarma; l&#8217;abonament efectiu de les ajudes i subvencions p\u00fabliques dins de l&#8217;exercici en curs; reducci\u00f3 del nivell de burocr\u00e0cia i de documentaci\u00f3 a aportar; aprovaci\u00f3 d&#8217;un nou decret que amplie les mesures establides, particularitze i detall les diferents formes en qu\u00e8 s&#8217;apliquen; i l&#8217;aprovaci\u00f3 d&#8217;ajudes per al finan\u00e7ament de l&#8217;estructura de funcionament de les associacions del sector musical.<\/p>\n<h4><strong>Aclarir el decret<\/strong><\/h4>\n<p>En relaci\u00f3 amb les activitats educatives de les societats musicals demana que s&#8217;aclarisca la forma en quina afecta el Reial decret 463\/2020 a les escoles de m\u00fasica i als professionals que treballen com a professors, directors o int\u00e8rprets, en escoles, bandes, orquestres\u2026; i es considere causa de for\u00e7a major a la suspensi\u00f3 de l&#8217;activitat dels centres docents que no puguen impartir les classes de manera telem\u00e0tica.<\/p>\n<p>Per a les activitats art\u00edstiques (concerts, cert\u00e0mens, festivals, espectacles, participaci\u00f3 en actes festius, fires, etc.) cancel\u00b7lades i que no es puguen reprogramar sol\u00b7licita que es garantisquen les aportacions institucionals. El document proposa l\u00ednies d&#8217;ajudes espec\u00edfiques de compensaci\u00f3 parcial del lucre cessant de les empreses i entitats, ajudes a fons perdut per a 2020, i aprovaci\u00f3 de finan\u00e7ament bonificat amb un tipus d&#8217;inter\u00e9s de l&#8217;Euribor amb un m\u00ednim d&#8217;un 0% i un diferencial del 0%.<\/p>\n<p>Aix\u00ed mateix, considera que cal reduir al 4% l&#8217;IVA de les entrades de les actuacions, de tots els serveis relacionats amb la m\u00fasica en viu i m\u00fasica gravada, la devoluci\u00f3 urgent de l&#8217;IVA suportat, i l&#8217;ajornament o fraccionament dels pagaments de la Tresoreria de la Seguretat Social i de l&#8217;Ag\u00e8ncia Tribut\u00e0ria, entre altres accions.<\/p>\n<h4><strong>Conjuminar voluntats<\/strong><\/h4>\n<p>Les societats musicals s\u00f3n una gran pedrera de futurs m\u00fasics professionals, per la qual cosa la CoESsM ent\u00e9n que en aquesta greu situaci\u00f3 cal conjuminar voluntats de diferents \u00e0mbits i exposar les ajudes i accions, a realitzar per totes les administracions, de manera transversal.<\/p>\n<p>Per aquesta ra\u00f3 ha contactat i fet seues les propostes de l&#8217;Associaci\u00f3 Espanyola de Directors d&#8217;Orquestra (AESDO), l&#8217;Associaci\u00f3 de M\u00fasics Professionals d&#8217;Espanya (AMPE), l&#8217;Associaci\u00f3 Nacional de Directors de Banda (ANDB), l&#8217;Associaci\u00f3 de M\u00fasics de Bandes Professionals (AMPROBAND) i de l&#8217;Associaci\u00f3 de M\u00fasics Professionals d&#8217;Orquestres Simf\u00f2niques (AMPOS), entre altres.<\/p>\n<p>La CoESsM manifesta la seua solidaritat amb totes les persones afectades pel Covid-19 i agraeix a les federacions, les seues societats musicals i associacions musicals professionals la seua col\u00b7laboraci\u00f3 i iniciatives ciutadanes en aquests durs moments que pateix la societat espanyola en els quals la m\u00fasica \u00e9s m\u00e9s necess\u00e0ria que mai.<\/p>\n<p><a href=\"https:\/\/fsmcv.org\/BTnet-storage\/wp-uploads\/2020\/04\/CESM_Documento-propuestas-Gobierno-Espana.pdf\">Document de propostes al Govern<\/a><\/p>\n","protected":false},"excerpt":{"rendered":"<p>L&#8217;entitat considera imprescindible donar solucions urgents que asseguren la superviv\u00e8ncia, continu\u00eftat i sostenibilitat de m\u00fasics, artistes, professionals de la gesti\u00f3 cultural i persones treballadores d&#8217;empreses vinculades al sector, tant en el vessant professional com\u00a0amateur; aix\u00ed com el professorat de les escoles de m\u00fasica i dels centres autoritzats.<\/p>\n","protected":false},"author":2,"featured_media":0,"comment_status":"closed","ping_status":"closed","sticky":false,"template":"","format":"standard","meta":{"footnotes":""},"categories":[1],"tags":[],"class_list":["post-14720","post","type-post","status-publish","format-standard","hentry","category-certamenes"],"_links":{"self":[{"href":"https:\/\/fsmcv.org\/vl\/wp-json\/wp\/v2\/posts\/14720","targetHints":{"allow":["GET"]}}],"collection":[{"href":"https:\/\/fsmcv.org\/vl\/wp-json\/wp\/v2\/posts"}],"about":[{"href":"https:\/\/fsmcv.org\/vl\/wp-json\/wp\/v2\/types\/post"}],"author":[{"embeddable":true,"href":"https:\/\/fsmcv.org\/vl\/wp-json\/wp\/v2\/users\/2"}],"replies":[{"embeddable":true,"href":"https:\/\/fsmcv.org\/vl\/wp-json\/wp\/v2\/comments?post=14720"}],"version-history":[{"count":0,"href":"https:\/\/fsmcv.org\/vl\/wp-json\/wp\/v2\/posts\/14720\/revisions"}],"wp:attachment":[{"href":"https:\/\/fsmcv.org\/vl\/wp-json\/wp\/v2\/media?parent=14720"}],"wp:term":[{"taxonomy":"category","embeddable":true,"href":"https:\/\/fsmcv.org\/vl\/wp-json\/wp\/v2\/categories?post=14720"},{"taxonomy":"post_tag","embeddable":true,"href":"https:\/\/fsmcv.org\/vl\/wp-json\/wp\/v2\/tags?post=14720"}],"curies":[{"name":"wp","href":"https:\/\/api.w.org\/{rel}","templated":true}]}}