{"id":14919,"date":"2020-06-26T12:49:13","date_gmt":"2020-06-26T10:49:13","guid":{"rendered":"https:\/\/fsmcv.org\/?post_type=fsmcv-noticias&#038;p=14919"},"modified":"2021-04-06T13:47:36","modified_gmt":"2021-04-06T11:47:36","slug":"i-concurs-per-a-clarinetistes-orihuela","status":"publish","type":"post","link":"https:\/\/fsmcv.org\/vl\/societats-musicals\/i-concurs-per-a-clarinetistes-orihuela\/","title":{"rendered":"I Concurs per a Clarinetistes Orihuela"},"content":{"rendered":"<p>Des de A.C.A.M.D.O. i amb el suport de l&#8217;Associaci\u00f3 de Clarinetistas Chalumeau, Fundaci\u00f3 Avanza, HOCRE (ind\u00fastria creativa i cultural), l&#8217;empresa Silversteinworks, Tempo pianos, Audioart produccions I Llibreria C\u00f3dex han creat aquest concurs dedicat al clarinet i als clarinetistas.<\/p>\n<p>La situaci\u00f3 actual del covid-19 i la necessitat d&#8217;intercanviar coneixements entre persones ens ha motivat a oferir aquesta activitat online amb el prop\u00f2sit que els participants puguen mostrar el seu treball personal en diferents disciplines que estan molt lligades a aquesta associaci\u00f3. En aquest cas volen donar l&#8217;oportunitat als alumnes o professionals de l&#8217;especialitat de clarinet al fet que mostren el seu treball en aquest singular concurs.<\/p>\n<p>Aquest certamen de car\u00e0cter internacional est\u00e0 destinat a clarinetistas de fins a 25 anys i dividit en tres categories en funci\u00f3 de l&#8217;edat. Per a la present edici\u00f3 compta amb la pres\u00e8ncia d&#8217;un jurat de primer nivell: Jos\u00e9\u0301 Luis Estell\u00e9s, Nuno Pinte, Jos\u00e9\u0301 Franch Ballester i Rafael Albert.<\/p>\n<p>Podran consultar totes les bases i detalls del concurs en la p\u00e0gina web:<a href=\"http:\/\/www.concursoclarinete.es\" target=\"_blank\" rel=\"noopener\"> www.concursoclarinete.es<\/a><\/p>\n","protected":false},"excerpt":{"rendered":"<p>Podran consultar totes les bases i detalls del concurs en la p\u00e0gina web: www.concursoclarinete.es<\/p>\n","protected":false},"author":2,"featured_media":0,"comment_status":"closed","ping_status":"closed","sticky":false,"template":"","format":"standard","meta":{"footnotes":""},"categories":[56],"tags":[],"class_list":["post-14919","post","type-post","status-publish","format-standard","hentry","category-societats-musicals"],"_links":{"self":[{"href":"https:\/\/fsmcv.org\/vl\/wp-json\/wp\/v2\/posts\/14919","targetHints":{"allow":["GET"]}}],"collection":[{"href":"https:\/\/fsmcv.org\/vl\/wp-json\/wp\/v2\/posts"}],"about":[{"href":"https:\/\/fsmcv.org\/vl\/wp-json\/wp\/v2\/types\/post"}],"author":[{"embeddable":true,"href":"https:\/\/fsmcv.org\/vl\/wp-json\/wp\/v2\/users\/2"}],"replies":[{"embeddable":true,"href":"https:\/\/fsmcv.org\/vl\/wp-json\/wp\/v2\/comments?post=14919"}],"version-history":[{"count":0,"href":"https:\/\/fsmcv.org\/vl\/wp-json\/wp\/v2\/posts\/14919\/revisions"}],"wp:attachment":[{"href":"https:\/\/fsmcv.org\/vl\/wp-json\/wp\/v2\/media?parent=14919"}],"wp:term":[{"taxonomy":"category","embeddable":true,"href":"https:\/\/fsmcv.org\/vl\/wp-json\/wp\/v2\/categories?post=14919"},{"taxonomy":"post_tag","embeddable":true,"href":"https:\/\/fsmcv.org\/vl\/wp-json\/wp\/v2\/tags?post=14919"}],"curies":[{"name":"wp","href":"https:\/\/api.w.org\/{rel}","templated":true}]}}