{"id":14931,"date":"2020-07-01T19:26:40","date_gmt":"2020-07-01T17:26:40","guid":{"rendered":"https:\/\/fsmcv.org\/?post_type=fsmcv-noticias&#038;p=14931"},"modified":"2021-04-06T13:47:26","modified_gmt":"2021-04-06T11:47:26","slug":"la-musica-nova-dalcoi-torna-a-sonar-en-concert","status":"publish","type":"post","link":"https:\/\/fsmcv.org\/vl\/societats-musicals\/la-musica-nova-dalcoi-torna-a-sonar-en-concert\/","title":{"rendered":"La M\u00fasica Nova d\u2019Alcoi torna a sonar en concert"},"content":{"rendered":"<p>La Societat Musical Nova d\u2019Alcoi ha repr\u00e9s l\u2019activitat despr\u00e9s del confinament per la pandemia del coronavirus i aquest dissabte 4 de juliol oferir\u00e0 el seu primer concert. Ser\u00e0 una audici\u00f3 especial ja que, donat a les mesures de seguretat per evitar el contagi de la COVID-19, actuaran dos <em>ensemble<\/em> de la banda alcoiana. El pati de l\u2019IVAM CADA Alcoi ser\u00e0 l\u2019escenari del concert que comen\u00e7ar\u00e0 a les 20:30 hores amb una primera part protagonitzada per l\u2019agrupaci\u00f3 integrada per flautes, obo\u00e8s, fagots i violoncels de la M\u00fasica Nova.<\/p>\n<p>Aquesta <em>ensemble<\/em> de vent-fusta, que estar\u00e0 dirigida per Jos\u00e9 Antonio Llinares Igual, interpretar\u00e0 \u201cThe Music for the Royals Fireworks\u201d de G. F. Haendel, en concret sonaran el moviments \u201cOverture\u201d, \u201cBourr\u00e9e\u201d, \u201cAllegro (La R\u00e9jouissance)\u201d i \u201cMenuet II\u201d. Tot seguit, els espectadors podran escoltar \u201cPersian March op. 289\u201d de J. Strauss, \u201cPeque\u00f1a Suite Latino-Americana\u201d de E. J. Oltra, \u201cConquest of Paradise\u201d de Vangelis amb arranjaments de J.C.H. Alarc\u00f3n i, per acabar, \u201cLa vida es bella\u201d de N. Piovani.<\/p>\n<p>La segona part ser\u00e0 a c\u00e0rrec del conjunt de percussi\u00f3 de la M\u00fasica Nova d\u2019Alcoi. Els m\u00fasics, dirigits per Mois\u00e9s Olcina Berenguer, interpretaran \u201cOverture fantastica\u201d de J. Spears, \u201cExcerpts from Carmen Suite\u201d de G. Bizet amb arranjaments de M. Houllif i escriuran el punt final al ritme de \u201cDimensions II\u201d de E. A. Del Borgo.<\/p>\n<p>Aquest concert de xicotet format compta amb el recolzament de l\u2019Ajuntament d\u2019Alcoi a trav\u00e9s del pla de reactivaci\u00f3 post #COVID19 i del cicle \u201cViu l\u2019estiu\u201d. L\u2019acc\u00e9s ser\u00e0 lliure fins que es complete l\u2019aforament marcat per les autoritats a l\u2019igual que caldr\u00e0 seguir les mesures de seguretat indicades per a aquesta fase de \u201cnova normalitat\u201d.<\/p>\n","protected":false},"excerpt":{"rendered":"<p>Les ensemble de vent-fusta i percussi\u00f3 de la banda alcoiana ofereixen la primera audici\u00f3 despr\u00e9s del confinament pel coronavirus aquest dissabte en el pati de l\u2019IVAM CADA Alcoi<\/p>\n","protected":false},"author":2,"featured_media":0,"comment_status":"closed","ping_status":"closed","sticky":false,"template":"","format":"standard","meta":{"footnotes":""},"categories":[56],"tags":[],"class_list":["post-14931","post","type-post","status-publish","format-standard","hentry","category-societats-musicals"],"_links":{"self":[{"href":"https:\/\/fsmcv.org\/vl\/wp-json\/wp\/v2\/posts\/14931","targetHints":{"allow":["GET"]}}],"collection":[{"href":"https:\/\/fsmcv.org\/vl\/wp-json\/wp\/v2\/posts"}],"about":[{"href":"https:\/\/fsmcv.org\/vl\/wp-json\/wp\/v2\/types\/post"}],"author":[{"embeddable":true,"href":"https:\/\/fsmcv.org\/vl\/wp-json\/wp\/v2\/users\/2"}],"replies":[{"embeddable":true,"href":"https:\/\/fsmcv.org\/vl\/wp-json\/wp\/v2\/comments?post=14931"}],"version-history":[{"count":0,"href":"https:\/\/fsmcv.org\/vl\/wp-json\/wp\/v2\/posts\/14931\/revisions"}],"wp:attachment":[{"href":"https:\/\/fsmcv.org\/vl\/wp-json\/wp\/v2\/media?parent=14931"}],"wp:term":[{"taxonomy":"category","embeddable":true,"href":"https:\/\/fsmcv.org\/vl\/wp-json\/wp\/v2\/categories?post=14931"},{"taxonomy":"post_tag","embeddable":true,"href":"https:\/\/fsmcv.org\/vl\/wp-json\/wp\/v2\/tags?post=14931"}],"curies":[{"name":"wp","href":"https:\/\/api.w.org\/{rel}","templated":true}]}}