{"id":14934,"date":"2020-07-01T19:43:28","date_gmt":"2020-07-01T17:43:28","guid":{"rendered":"https:\/\/fsmcv.org\/?post_type=fsmcv-noticias&#038;p=14934"},"modified":"2021-04-06T13:45:52","modified_gmt":"2021-04-06T11:45:52","slug":"la-banda-primitiva-presenta-com-seran-els-concerts-de-la-nova-normalitat-amb-total-seguretat-per-a-musics-i-instruments","status":"publish","type":"post","link":"https:\/\/fsmcv.org\/vl\/societats-musicals\/la-banda-primitiva-presenta-com-seran-els-concerts-de-la-nova-normalitat-amb-total-seguretat-per-a-musics-i-instruments\/","title":{"rendered":"La Banda Primitiva presenta com seran els concerts de la nova normalitat amb total seguretat per a m\u00fasics i instruments"},"content":{"rendered":"<p>La Banda Primitiva de Ll\u00edria va presentar divendres el nou sistema d\u2019assajos amb un protocol de seguretat per a m\u00fasics i instruments, que incorpora mascaretes per a m\u00fasics i instruments, pantalles, mampares i altres productes que permetran realitzar concerts i altres esdeveniments musicals en la nova normalitat.<\/p>\n<p>Este assaig va ser una primera mostra de les mesures de seguretat necess\u00e0ries que s\u2019establiran, a partir d\u2019ara, per a prevenir els possibles contagis, col\u00b7locant com a m\u00e0xima prioritat la seguretat dels m\u00fasics i integrant de la banda. A banda de tots els elements establerts, la premissa general ser\u00e0 la corresponent dist\u00e0ncia de seguretat \u2013 com a m\u00ednim 1.5 metres \u2013 a trav\u00e9s de la senyal\u00edstica corresponent als cartells, gr\u00e0fics i indicacions on es recomana la utilitzaci\u00f3 de gel hidroalcoh\u00f2lic o catifes per netejar el calcer abans d\u2019entrar a les instal\u00b7lacions.<\/p>\n<p>Una de les mesures m\u00e9s importants \u00e9s la utilitzaci\u00f3 de mascaretes espec\u00edfiques, patentades i certificades, per als instruments de vent. A m\u00e9s a m\u00e9s, els m\u00fasics empren una mascareta amb tall transversal per a m\u00fasics d\u2019instruments de vent, pantalles de protecci\u00f3 per als percussionistes i mampares en les zones m\u00e9s conflictives.<\/p>\n<p>Totes estes mesures s\u00f3n solucions que amplien la seguretat ja establerta per la dist\u00e0ncia obligat\u00f2ria, tant als assajos, actuacions i concerts que se celebren durant la desescalada.<\/p>\n<p>L\u2019activitat s\u2019ha pogut portar a terme gr\u00e0cies a la col\u00b7laboraci\u00f3 de la Banda Primitiva amb l\u2019assessorament de SANIMUSIC, empresa valenciana especialitzada en productes qu\u00edmics desinfectants i en l\u2019\u00e0mbit musical, durant un assaig real que permetr\u00e0 mostrar les possibilitats de la tornada a l\u2019activitat de les moltes societats musicals, auditoris, sales de concerts i altres col\u00b7lectius per adaptar-se a la nova normalitat musical.<\/p>\n","protected":false},"excerpt":{"rendered":"<p>L\u2019agrupaci\u00f3 mostra en un assaig el protocol de seguretat amb l\u2019assessorament de Sanimusic<\/p>\n","protected":false},"author":2,"featured_media":0,"comment_status":"closed","ping_status":"closed","sticky":false,"template":"","format":"standard","meta":{"footnotes":""},"categories":[56],"tags":[],"class_list":["post-14934","post","type-post","status-publish","format-standard","hentry","category-societats-musicals"],"_links":{"self":[{"href":"https:\/\/fsmcv.org\/vl\/wp-json\/wp\/v2\/posts\/14934","targetHints":{"allow":["GET"]}}],"collection":[{"href":"https:\/\/fsmcv.org\/vl\/wp-json\/wp\/v2\/posts"}],"about":[{"href":"https:\/\/fsmcv.org\/vl\/wp-json\/wp\/v2\/types\/post"}],"author":[{"embeddable":true,"href":"https:\/\/fsmcv.org\/vl\/wp-json\/wp\/v2\/users\/2"}],"replies":[{"embeddable":true,"href":"https:\/\/fsmcv.org\/vl\/wp-json\/wp\/v2\/comments?post=14934"}],"version-history":[{"count":0,"href":"https:\/\/fsmcv.org\/vl\/wp-json\/wp\/v2\/posts\/14934\/revisions"}],"wp:attachment":[{"href":"https:\/\/fsmcv.org\/vl\/wp-json\/wp\/v2\/media?parent=14934"}],"wp:term":[{"taxonomy":"category","embeddable":true,"href":"https:\/\/fsmcv.org\/vl\/wp-json\/wp\/v2\/categories?post=14934"},{"taxonomy":"post_tag","embeddable":true,"href":"https:\/\/fsmcv.org\/vl\/wp-json\/wp\/v2\/tags?post=14934"}],"curies":[{"name":"wp","href":"https:\/\/api.w.org\/{rel}","templated":true}]}}