{"id":14952,"date":"2020-07-10T12:39:20","date_gmt":"2020-07-10T10:39:20","guid":{"rendered":"https:\/\/fsmcv.org\/?post_type=fsmcv-noticias&#038;p=14952"},"modified":"2020-09-27T18:18:35","modified_gmt":"2020-09-27T18:18:35","slug":"goirigolzarri-visita-la-alqueria-julia-convertida-en-la-casa-de-la-musica-de-valencia-i-es-reuneix-amb-la-fsmcv","status":"publish","type":"post","link":"https:\/\/fsmcv.org\/vl\/certamens\/goirigolzarri-visita-la-alqueria-julia-convertida-en-la-casa-de-la-musica-de-valencia-i-es-reuneix-amb-la-fsmcv\/","title":{"rendered":"Goirigolzarri visita la Alqueria Juli\u00e0, convertida en la \u2018Casa de la M\u00fasica\u2019 de Val\u00e8ncia i es reuneix amb la FSMCV"},"content":{"rendered":"<p>El president de Bankia, Jos\u00e9 Ignacio Goirigolzarri, ha visitat la Alqueria Juli\u00e0 despr\u00e9s de la finalitzaci\u00f3 de les obres de l&#8217;edifici del segle XVII situat en el barri Nou Moles de Val\u00e8ncia, convertida en la \u2018Casa de la M\u00fasica\u2019 i que ser\u00e0 la nova seu de la Federaci\u00f3 de Societats Musicals de la Comunitat Valenciana (FSMCV).<\/p>\n<p><img fetchpriority=\"high\" decoding=\"async\" class=\"aligncenter size-large wp-image-14955\" src=\"https:\/\/fsmcv.org\/BTnet-storage\/wp-uploads\/2020\/07\/Foto-1-1024x683.jpg\" alt=\"\" width=\"1024\" height=\"683\" title=\"\"><\/p>\n<p>L&#8217;entitat ha invertit 3,5 milions d&#8217;euros en els treballs de rehabilitaci\u00f3, recuperaci\u00f3 i restauraci\u00f3 d&#8217;un edifici emblem\u00e0tic per a la ciutat. La Alqueria Juli\u00e0, que va albergar el Col\u00b7legi de Santa B\u00e0rbara fins als anys 90 del segle passat, est\u00e0 dotada de l&#8217;equipament necessari per a convertir-se en un important centre musical de Val\u00e8ncia, en el qual es desenvolupar\u00e0 una potent activitat social i cultural.<\/p>\n<p>Durant la visita a l&#8217;edifici, Goirigolzarri s&#8217;ha reunit amb la presidenta de la Federaci\u00f3 de Societats Musicals de la Comunitat Valenciana (FSMCV), Daniela Gonz\u00e1lez; els vicepresidents art\u00edstic i executiu de la FSMCV, Manuel Mu\u00f1oz i Roberto Escobar respectivament; i l&#8217;arquitecte de la rehabilitaci\u00f3 de la Alqueria, Carlos Campos. Tamb\u00e9 han acudit per part de l&#8217;entitat financera, la directora general adjunta de Comunicaci\u00f3 i Relacions Externes, Amalia Blanco; i el director corporatiu de la Territorial a Val\u00e8ncia i Castell\u00f3, Jaime Casas.<\/p>\n<p>La presidenta de la FSMCV ha traslladat els problemes derivats de la crisi provocada pel Covid-19, els projectes de Bankia Escorta Val\u00e8ncia que estan duent a terme i el que suposa per a la Federaci\u00f3 poder comptar amb una sala d&#8217;assajos, la fonoteca, o una sala de partitures ja que la federaci\u00f3 no tenia seu per a poder desplegar totes les seues activitats.<\/p>\n<p>\u201c\u00c9s un orgull per a Bankia haver contribu\u00eft a la rehabilitaci\u00f3 de la Alqueria Julia i que aquesta vaja a ser la \u2018Casa de la M\u00fasica\u2019 i la seu de la Federaci\u00f3 de Societats musicals de la Comunitat Valenciana, perqu\u00e8 la m\u00fasica forma part de l&#8217;ADN de la regi\u00f3, de la seua cultura, i nosaltres estem molt compromesos amb el seu sosteniment i desenvolupament\u201d. \u201cA m\u00e9s, estem conven\u00e7uts que es convertir\u00e0 en un lloc de refer\u00e8ncia i un punt de trobada per a la cultura i l&#8217;art\u201d, ha apuntat el president de Bankia.<\/p>\n<p>La presidenta de la Federaci\u00f3 de Societats Musicals de la Comunitat Valenciana (FSMCV), Daniela Gonz\u00e1lez, ha destacat &#8220;la import\u00e0ncia de la renovada Alqueria com a nova seu administrativa. Treballarem incansablement per a dotar-la de contingut i que realment es convertisca en la casa de la m\u00fasica de tots els valencians.&#8221; Al seu torn, Daniela Gonz\u00e1lez manifestava el seu agra\u00efment a Bankia. &#8220;Aquesta \u00e9s una mostra m\u00e9s del comprom\u00eds i el suport de Bankia amb el moviment de les societats musicals de la comunitat valenciana que, a trav\u00e9s del programa Bankia Escorta Val\u00e8ncia, s&#8217;ha convertit en una part integral del funcionament del nostre col\u00b7lectiu&#8221;, ha afegit.<\/p>\n<p>L&#8217;immoble, cedit per Bankia a la FSMCV, est\u00e0 dotat d&#8217;una sala d&#8217;assajos amb capacitat per a unes 200 persones, biblioteca, videoteca, fonoteca, sala de partitures i diferents zones per a \u00fas cultural i espai expositiu d&#8217;important valor arquitect\u00f2nic.<\/p>\n<p><strong>Seu de la FSMCV<\/strong><\/p>\n<p>La Federaci\u00f3 de Societats Musicals de la Comunitat Valenciana (FSMCV), que compta amb m\u00e9s de 500 associacions musicals, tindr\u00e0 en la Alqueria Juli\u00e0 la seua seu social i administrativa, i podr\u00e0 desenvolupar en l&#8217;edifici la resta de la seua activitat cultural, com les que desenvolupar el seu Centre d&#8217;Estudis i les seues agrupacions musicals, aix\u00ed com les labors de formaci\u00f3 i investigaci\u00f3, o la instal\u00b7laci\u00f3 de l&#8217;arxiu de la Federaci\u00f3.<\/p>\n<p>La Alqueria Juli\u00e0 permetr\u00e0 incorporar un edifici de gran inter\u00e9s al circuit tur\u00edstic i cultural de Val\u00e8ncia, la qual cosa redundar\u00e0 en benefici del barri de Nou Moles i del conjunt de la ciutat. Els usos proposats per a la Alqueria suposaran una dinamitzaci\u00f3 econ\u00f2mica i cultural del barri, ja que el nivell d&#8217;activitat previst incrementar\u00e0 les necessitats de serveis de tots aquells que la visiten.<\/p>\n<p>L&#8217;edifici ser\u00e0, a m\u00e9s, un espai privilegiat per a presentacions corporatives, cicles de concerts, entre altres de l&#8217;Orquestra Simf\u00f2nica de Bankia (OSB), o qualsevol altra activitat cultural que es projecte en el futur.<\/p>\n<p><strong>Quasi 2.000 metres quadrats<\/strong><\/p>\n<p>La Alqueria Juli\u00e0, propietat de Bankia, va ser declarada Monument Art\u00edstic Nacional en 1978 i B\u00e9 d&#8217;Inter\u00e9s Cultural en 2007, la qual cosa suposa la figura de m\u00e9s alta protecci\u00f3 per a un edifici a la ciutat de Val\u00e8ncia. Est\u00e0 constru\u00efda en una parcel\u00b7la de 1.986 metres quadrats, amb una construcci\u00f3 de 692 metres quadrats distribu\u00efts en dues plantes i una torrassa de 51 metres quadrats addicionals.<\/p>\n<p>La resta l&#8217;ocupa un pati amb jard\u00ed que integra els fragments existents del mateix amb l&#8217;evocaci\u00f3 de les seues preexist\u00e8ncies, que ha sigut restaurat amb la col\u00b7laboraci\u00f3 de la paisatgista Mar\u00eda Teresa Santamar\u00eda. S&#8217;ha conservat l&#8217;arbratge que existia, plantant noves esp\u00e8cies arb\u00f2ries, aix\u00ed com vegetaci\u00f3 arbustiva i herb\u00e0cia, recreant amb un nou llenguatge els components originals, a partir de la documentaci\u00f3 gr\u00e0fica existent de 1932.<\/p>\n<p>L&#8217;edifici pot considerar-se com un dels escassos exemplars conservats de Alqueria valenciana del segle XVII. A m\u00e9s del seu inter\u00e9s hist\u00f2ric, la Alqueria conserva encara elements est\u00e8tics de gran valor que s&#8217;han rehabilitat com a voltes, pintures, frescos, esgrafiats, pavimentaci\u00f3 o azulejer\u00eda.<\/p>\n<p>El projecte de restauraci\u00f3 ha perm\u00e9s ressaltar tots els elements de gran valor hist\u00f2ric i art\u00edstic que encara es conserven en l&#8217;edifici. A m\u00e9s, s&#8217;ha realitzat el condicionament necessari per a dotar-lo de l&#8217;equipament que es requereix amb la finalitat d&#8217;adequar-lo a l&#8217;activitat social i cultural prevista.<\/p>\n<p>L&#8217;arquitecte restaurador de l&#8217;edifici, Carlos Campos, i l&#8217;equip de C+G T\u00e8cnica, han destacat que \u201cel treball de restauraci\u00f3 ha sigut molt gratificant perqu\u00e8, durant aquest, hem descobert, entre altres troballes, un espai voltat subterrani sota l&#8217;edifici, un mur del segle XV al jard\u00ed al costat d&#8217;una gran terrassa pavimentada amb taulells del segle XV en una extensi\u00f3 de quasi 16 metres, per la qual cosa hem hagut de modificar alguns aspectes del projecte, aix\u00ed com una sala amb decoraci\u00f3 pompeiana o la balconer\u00eda que estava oculta per finestres\u201d.<\/p>\n<p>La constructora Grup Cyrespa, amb seu a Castell\u00f3, ha sigut l&#8217;encarregada de l&#8217;obra. Es tracta d&#8217;una empresa dedicada a la rehabilitaci\u00f3, conservaci\u00f3 i restauraci\u00f3 del patrimoni art\u00edstic, en l&#8217;\u00e0mbit nacional i amb projecci\u00f3 a l&#8217;estranger que, entre altres obres, ha participat en la rehabilitaci\u00f3 de les catedrals de Val\u00e8ncia, Barcelona o M\u00e0laga.<\/p>\n<p><img decoding=\"async\" class=\"aligncenter size-large wp-image-14954\" src=\"https:\/\/fsmcv.org\/BTnet-storage\/wp-uploads\/2020\/07\/Foto-2-1024x683.jpg\" alt=\"\" width=\"1024\" height=\"683\" title=\"\"><\/p>\n<p><strong>Descripci\u00f3 t\u00e8cnica del projecte de rehabilitaci\u00f3<\/strong><\/p>\n<p>L&#8217;edifici alberga la seu administrativa de la Federaci\u00f3 de Societats Musicals de la Comunitat Valenciana (FSMCV) en la planta baixa, aix\u00ed com un espai museogr\u00e0fic en la planta primera, amb usos educatius i culturals, i la corresponent posada en valor d&#8217;un element arquitect\u00f2nic (edifici i jardins exteriors) de singular import\u00e0ncia.<\/p>\n<ul>\n<li style=\"list-style-type: none;\">\n<ul>\n<li>Planta baixa. Zona administrativa i seu de la FSMCV. Comptar\u00e0, a m\u00e9s, amb sales destinades a biblioteca i sala de partitures amb un arxiu adjacent, fonoteca i videoteca, el seu corresponent arxiu, i una aula multiusos de 40 metres quadrats.<\/li>\n<li>L&#8217;entrada, en la zona central que travessa tota la planta i desemboca al jard\u00ed, \u00e9s l&#8217;espai de recepci\u00f3 i expositiu per a la \u2018Interpretaci\u00f3 de la Alqueria\u2019, destinat a les visites del p\u00fablic en general.<\/li>\n<li>Planta primera. Albergar\u00e0 els espais amb les pintures i voltes m\u00e9s rellevants de l&#8217;edifici, plantejat com a espai expositiu i museogr\u00e0fic que permeta la visita i comprensi\u00f3 de la seua arquitectura, i que estaran oberts al p\u00fablic. Estar\u00e0 dotada amb una sala de reunions i un espais multiusos, destinats a les activitats culturals pr\u00f2pies de la Alqueria. En aquesta planta tamb\u00e9 se situa l&#8217;escala de caragol per la qual s&#8217;accedeix a la torrassa.<\/li>\n<li>Torrassa. \u00c9s un dels elements constructius m\u00e9s emblem\u00e0tics de la Alqueria Juli\u00e0. S&#8217;accedeix a ell a trav\u00e9s de l&#8217;escala de caragol. Donada la singularitat d&#8217;aquest element arquitect\u00f2nic, es mantindr\u00e0 com un espai de visita ocasional per a xicotets grups, per a contemplaci\u00f3 de l&#8217;entorn i, en particular, de l&#8217;espai enjardinat.<\/li>\n<li>Sala d&#8217;assajos. De nova construcci\u00f3. Amb l&#8217;objectiu de respectar l&#8217;estructura original de la Alqueria, es projecta davall del jard\u00ed. S&#8217;accedeix a ell a trav\u00e9s de la planta baixa i, de manera independent, pel propi jard\u00ed. Tots dos accessos desemboquen en un laberint vegetal que suggereix el que existia hist\u00f2ricament. La sala d&#8217;assajos t\u00e9 una superf\u00edcie de 200 metres quadrats i compta amb les condicions d&#8217;ac\u00fastica adequades per a aquest \u00fas.<\/li>\n<li>El Jard\u00ed. Est\u00e0 dissenyat en funci\u00f3 de la recreaci\u00f3 idealitzada dels components hist\u00f2rics d&#8217;aquest, a partir de la documentaci\u00f3 existent, estructurant els recorreguts i espais lliures amb l&#8217;edifici.<\/li>\n<\/ul>\n<\/li>\n<\/ul>\n<p>La rehabilitaci\u00f3 de la Alqueria Juli\u00e0 s&#8217;emmarca en la iniciativa \u2018Bankia Escorta Val\u00e8ncia\u2019, posada en marxa en 2014 i que, a m\u00e9s, contempla, entre altres iniciatives, una convocat\u00f2ria de beques per a estudiants de les escoles de m\u00fasica, el \u2018Concurs Bankia d&#8217;Orquestres de la Comunitat Valenciana\u2019, els \u2018Premis Bankia al Talent musical\u2019 i el projecte de recuperaci\u00f3 de patrimoni \u2018M\u00fasica a la Llum\u2019.<\/p>\n","protected":false},"excerpt":{"rendered":"<p>L&#8217;entitat financera ha invertit m\u00e9s de 3,5 milions d&#8217;euros en les obres de recuperaci\u00f3 de la \u2018Casa de la M\u00fasica\u2019, que acollir\u00e0 la seu de la Federaci\u00f3 de Societats Musicals de la Comunitat Valenciana (FSMCV)<\/p>\n","protected":false},"author":2,"featured_media":0,"comment_status":"closed","ping_status":"closed","sticky":false,"template":"","format":"standard","meta":{"footnotes":""},"categories":[],"tags":[],"class_list":["post-14952","post","type-post","status-publish","format-standard","hentry"],"_links":{"self":[{"href":"https:\/\/fsmcv.org\/vl\/wp-json\/wp\/v2\/posts\/14952","targetHints":{"allow":["GET"]}}],"collection":[{"href":"https:\/\/fsmcv.org\/vl\/wp-json\/wp\/v2\/posts"}],"about":[{"href":"https:\/\/fsmcv.org\/vl\/wp-json\/wp\/v2\/types\/post"}],"author":[{"embeddable":true,"href":"https:\/\/fsmcv.org\/vl\/wp-json\/wp\/v2\/users\/2"}],"replies":[{"embeddable":true,"href":"https:\/\/fsmcv.org\/vl\/wp-json\/wp\/v2\/comments?post=14952"}],"version-history":[{"count":0,"href":"https:\/\/fsmcv.org\/vl\/wp-json\/wp\/v2\/posts\/14952\/revisions"}],"wp:attachment":[{"href":"https:\/\/fsmcv.org\/vl\/wp-json\/wp\/v2\/media?parent=14952"}],"wp:term":[{"taxonomy":"category","embeddable":true,"href":"https:\/\/fsmcv.org\/vl\/wp-json\/wp\/v2\/categories?post=14952"},{"taxonomy":"post_tag","embeddable":true,"href":"https:\/\/fsmcv.org\/vl\/wp-json\/wp\/v2\/tags?post=14952"}],"curies":[{"name":"wp","href":"https:\/\/api.w.org\/{rel}","templated":true}]}}