{"id":14985,"date":"2020-07-23T12:19:33","date_gmt":"2020-07-23T10:19:33","guid":{"rendered":"https:\/\/fsmcv.org\/?post_type=fsmcv-noticias&#038;p=14985"},"modified":"2021-03-25T18:35:20","modified_gmt":"2021-03-25T17:35:20","slug":"lescola-de-musica-artistica-nulense-busca-personal-administratiu-per-a-incorporar-se-a-setembre-de-2020","status":"publish","type":"post","link":"https:\/\/fsmcv.org\/vl\/noticies-del-portal-docupacio\/lescola-de-musica-artistica-nulense-busca-personal-administratiu-per-a-incorporar-se-a-setembre-de-2020\/","title":{"rendered":"L&#8217;Escola de M\u00fasica Art\u00edstica Nulense busca personal administratiu per a incorporar-se a setembre de 2020."},"content":{"rendered":"<div>Ser\u00e0 requisit tindre formaci\u00f3\/experi\u00e8ncia en l&#8217;\u00e0mbit administratiu.<\/div>\n<div><\/div>\n<div>A m\u00e9s, es valorar\u00e0 positivament:<\/div>\n<div>&#8211; Tindre coneixements musicals (demostrables).<\/div>\n<div>&#8211; Tindre experi\u00e8ncia en l&#8217;\u00e0mbit administratiu de societats musicals.<\/div>\n<div>&#8211; Tindre coneixements ofim\u00e0tics aplicats a l&#8217;administraci\u00f3.<\/div>\n<div><\/div>\n<div>Es valorar\u00e0 positivament els coneixements en valenci\u00e0.<br \/>\nData l\u00edmit d\u2019entrega de curr\u00edculum el dia 3 d\u2019agost a les 23:59h.<\/div>\n<div><\/div>\n<div>Les persones interessades hauran d&#8217;enviar el seu curr\u00edculum al correu electr\u00f2nic <a href=\"mailto:eman.nules@gmail.com\">eman.nules@gmail.com<\/a>.<\/div>\n<div><\/div>\n","protected":false},"excerpt":{"rendered":"<p>Les persones interessades hauran d&#8217;enviar el seu curr\u00edculum al correu electr\u00f2nic eman.nules@gmail.com.\u00a0<\/p>\n","protected":false},"author":2,"featured_media":0,"comment_status":"closed","ping_status":"closed","sticky":false,"template":"","format":"standard","meta":{"footnotes":""},"categories":[167],"tags":[],"class_list":["post-14985","post","type-post","status-publish","format-standard","hentry","category-noticies-del-portal-docupacio"],"_links":{"self":[{"href":"https:\/\/fsmcv.org\/vl\/wp-json\/wp\/v2\/posts\/14985","targetHints":{"allow":["GET"]}}],"collection":[{"href":"https:\/\/fsmcv.org\/vl\/wp-json\/wp\/v2\/posts"}],"about":[{"href":"https:\/\/fsmcv.org\/vl\/wp-json\/wp\/v2\/types\/post"}],"author":[{"embeddable":true,"href":"https:\/\/fsmcv.org\/vl\/wp-json\/wp\/v2\/users\/2"}],"replies":[{"embeddable":true,"href":"https:\/\/fsmcv.org\/vl\/wp-json\/wp\/v2\/comments?post=14985"}],"version-history":[{"count":0,"href":"https:\/\/fsmcv.org\/vl\/wp-json\/wp\/v2\/posts\/14985\/revisions"}],"wp:attachment":[{"href":"https:\/\/fsmcv.org\/vl\/wp-json\/wp\/v2\/media?parent=14985"}],"wp:term":[{"taxonomy":"category","embeddable":true,"href":"https:\/\/fsmcv.org\/vl\/wp-json\/wp\/v2\/categories?post=14985"},{"taxonomy":"post_tag","embeddable":true,"href":"https:\/\/fsmcv.org\/vl\/wp-json\/wp\/v2\/tags?post=14985"}],"curies":[{"name":"wp","href":"https:\/\/api.w.org\/{rel}","templated":true}]}}