{"id":14991,"date":"2020-07-23T13:19:50","date_gmt":"2020-07-23T11:19:50","guid":{"rendered":"https:\/\/fsmcv.org\/?post_type=fsmcv-noticias&#038;p=14991"},"modified":"2021-03-25T18:34:20","modified_gmt":"2021-03-25T17:34:20","slug":"centre-arstistic-musical-moncada-matricula-oberta","status":"publish","type":"post","link":"https:\/\/fsmcv.org\/vl\/area-educativa-vl\/xarxa-centres-educatius\/centre-arstistic-musical-moncada-matricula-oberta\/","title":{"rendered":"Centre Arst\u00edstic Musical Moncada &#8211; Matr\u00edcula Oberta"},"content":{"rendered":"<p>ESCOLA DE M\u00daSICA tamb\u00e9 disponible online en <a href=\"http:\/\/musicalmoncada.es\" target=\"_blank\" rel=\"noopener\">musicalmoncada.es<\/a><\/p>\n<p>&nbsp;<\/p>\n<p>TRIA L&#8217;INSTRUMENT QUE M\u00c9S T&#8217;AGRADE<\/p>\n<p>trompeta &#8211; violoncel &#8211; tuba &#8211; viol\u00ed &#8211; bombard\u00ed &#8211; contrabaix &#8211; acordi\u00f3 &#8211; clarinet &#8211; dol\u00e7aina &#8211; trompa &#8211; tromb\u00f3 &#8211; viola &#8211; piano &#8211; obo\u00e9 &#8211; flauta &#8211; saxof\u00f3 &#8211; guitarra &#8211; percussi\u00f3 &#8211;\u00a0fagot &#8211; cant<\/p>\n<p>CURSOS<\/p>\n<p>M\u00fasica per a cr\u00e9ixer: 1-2 anys<\/p>\n<p>M\u00fasica i moviment: 3-4 anys<\/p>\n<p>Jard\u00ed musical: 5-6 anys<\/p>\n<p>Iniciaci\u00f3 musical: 7 anys<\/p>\n<p>Ensenyaments elementals: &gt;8 anys.<\/p>\n<p>M\u00fasica adults<\/p>\n<p>M\u00fasica moderna<\/p>\n<p>Preparaci\u00f3 al conservatori: *CAEP<\/p>\n<p>M\u00fasica tradicional<\/p>\n<p>M\u00fasica i salut: Musicoter\u00e0pia<\/p>\n<p>&nbsp;<\/p>\n<p>&nbsp;<\/p>\n<p>Carrer Major, 14 Moncada (Val\u00e8ncia) 96 139 00 64 \/ 607 67 76 91 info@musicalmoncada.es musicalmoncada.es<\/p>\n","protected":false},"excerpt":{"rendered":"<p>ESCOLA DE M\u00daSICA tamb\u00e9 disponible online en musicalmoncada.es<\/p>\n","protected":false},"author":2,"featured_media":0,"comment_status":"closed","ping_status":"closed","sticky":false,"template":"","format":"standard","meta":{"footnotes":""},"categories":[164],"tags":[],"class_list":["post-14991","post","type-post","status-publish","format-standard","hentry","category-xarxa-centres-educatius"],"_links":{"self":[{"href":"https:\/\/fsmcv.org\/vl\/wp-json\/wp\/v2\/posts\/14991","targetHints":{"allow":["GET"]}}],"collection":[{"href":"https:\/\/fsmcv.org\/vl\/wp-json\/wp\/v2\/posts"}],"about":[{"href":"https:\/\/fsmcv.org\/vl\/wp-json\/wp\/v2\/types\/post"}],"author":[{"embeddable":true,"href":"https:\/\/fsmcv.org\/vl\/wp-json\/wp\/v2\/users\/2"}],"replies":[{"embeddable":true,"href":"https:\/\/fsmcv.org\/vl\/wp-json\/wp\/v2\/comments?post=14991"}],"version-history":[{"count":0,"href":"https:\/\/fsmcv.org\/vl\/wp-json\/wp\/v2\/posts\/14991\/revisions"}],"wp:attachment":[{"href":"https:\/\/fsmcv.org\/vl\/wp-json\/wp\/v2\/media?parent=14991"}],"wp:term":[{"taxonomy":"category","embeddable":true,"href":"https:\/\/fsmcv.org\/vl\/wp-json\/wp\/v2\/categories?post=14991"},{"taxonomy":"post_tag","embeddable":true,"href":"https:\/\/fsmcv.org\/vl\/wp-json\/wp\/v2\/tags?post=14991"}],"curies":[{"name":"wp","href":"https:\/\/api.w.org\/{rel}","templated":true}]}}