{"id":1520,"date":"2016-09-25T08:34:05","date_gmt":"2016-09-25T06:34:05","guid":{"rendered":"http:\/\/fsmcv.org\/?post_type=fsmcv-noticias&#038;p=1520"},"modified":"2020-09-27T18:25:54","modified_gmt":"2020-09-27T18:25:54","slug":"la-orquestra-simfonica-de-peniscola-posa-el-fermall-dor-al-cicle-de-musica-classica","status":"publish","type":"post","link":"https:\/\/fsmcv.org\/vl\/noticies-campanyes\/musica-a-la-llum\/la-orquestra-simfonica-de-peniscola-posa-el-fermall-dor-al-cicle-de-musica-classica\/","title":{"rendered":"La Orquestra Simf\u00f2nica de Pen\u00edscola posa el fermall d&#8217;or al Cicle de M\u00fasica Cl\u00e0ssica"},"content":{"rendered":"<p>Ahir per la vesprada al Palau de Congressos, <strong>la Orquestra Simf\u00f2nica de Pen\u00edscola, fundada l&#8217;any 2005 per Salvador Garc\u00eda Sorl\u00ed, com a formaci\u00f3 professional dins del si de l&#8217;Associaci\u00f3 Musical Verge de l&#8217;Ermitana de Pen\u00edscola, fou la encarregada de posar el fermall d&#8217;or a un certamen que ja \u00e9s tota una refer\u00e8ncia<\/strong> a la comarca del Baix Maestrar pel que fa a aquest g\u00e8nere.<\/p>\n<p>La OSP va cautivar a un p\u00fablic entusiasmat que va vibrar amb un excel\u00b7lent repertori escollit per a la ocasi\u00f3 i al qual els contrabaixistes Matthew Baker i Gianluca Tavalori van actuar com a solistes.<\/p>\n<p><strong>La Simf\u00f2nica peniscolana va estrenar, per primera volta a Europa, Toccata for Matt, d&#8217;Andr\u00e9s Valero-Castells.<\/strong> Es dona la circumst\u00e0ncia que el mestre valenci\u00e0 que va compondre l&#8217;obra es trobava ahir entre el p\u00fablic al concert. Els m\u00fasics tamb\u00e9 van interpretar\u00a0Passione Amorosa de Giovanni Bottesini, un concert per a dos contrabaixos compost originalment per a orquestra de cambra i transcrit per enc\u00e0rrec per a la OSP per Juan Luis Roig Colom. El concert finalitzava amb la Simfonia n\u00ba 7 en La Major op. 92 de Ludwig van Beethoven<\/p>\n<p>Salvador Garcia Sorl\u00ed, director de la OSP i del Cicle de M\u00fasica Cl\u00e0ssica, va agrair &#8220;l&#8217;aposta de les administracions local i provincial per la m\u00fasica&#8221;, i al p\u00fablic que confia cada any en el certamen perqu\u00e8 s\u00f3n &#8220;sense dubte el nostre major \u00e8xit&#8221;<\/p>\n","protected":false},"excerpt":{"rendered":"<p>La XXXII edici\u00f3 del Cicle de Concerts de M\u00fasica Cl\u00e0ssica Ciutat de Pen\u00edscola va tancar el tel\u00f3 despr\u00e9s de tres dies de grans concerts que han omplert de m\u00fasica les parets del Castell.<\/p>\n","protected":false},"author":2,"featured_media":0,"comment_status":"closed","ping_status":"closed","sticky":false,"template":"","format":"standard","meta":{"footnotes":""},"categories":[10],"tags":[],"class_list":["post-1520","post","type-post","status-publish","format-standard","hentry","category-musica-a-la-llum"],"_links":{"self":[{"href":"https:\/\/fsmcv.org\/vl\/wp-json\/wp\/v2\/posts\/1520","targetHints":{"allow":["GET"]}}],"collection":[{"href":"https:\/\/fsmcv.org\/vl\/wp-json\/wp\/v2\/posts"}],"about":[{"href":"https:\/\/fsmcv.org\/vl\/wp-json\/wp\/v2\/types\/post"}],"author":[{"embeddable":true,"href":"https:\/\/fsmcv.org\/vl\/wp-json\/wp\/v2\/users\/2"}],"replies":[{"embeddable":true,"href":"https:\/\/fsmcv.org\/vl\/wp-json\/wp\/v2\/comments?post=1520"}],"version-history":[{"count":0,"href":"https:\/\/fsmcv.org\/vl\/wp-json\/wp\/v2\/posts\/1520\/revisions"}],"wp:attachment":[{"href":"https:\/\/fsmcv.org\/vl\/wp-json\/wp\/v2\/media?parent=1520"}],"wp:term":[{"taxonomy":"category","embeddable":true,"href":"https:\/\/fsmcv.org\/vl\/wp-json\/wp\/v2\/categories?post=1520"},{"taxonomy":"post_tag","embeddable":true,"href":"https:\/\/fsmcv.org\/vl\/wp-json\/wp\/v2\/tags?post=1520"}],"curies":[{"name":"wp","href":"https:\/\/api.w.org\/{rel}","templated":true}]}}