{"id":1523,"date":"2016-09-27T08:36:28","date_gmt":"2016-09-27T06:36:28","guid":{"rendered":"http:\/\/fsmcv.org\/?post_type=fsmcv-noticias&#038;p=1523"},"modified":"2020-09-27T18:26:03","modified_gmt":"2020-09-27T18:26:03","slug":"lateneu-musical-schola-cantorum-presenta-el-xix-concert-amb-el-lema-musica-mestre","status":"publish","type":"post","link":"https:\/\/fsmcv.org\/vl\/noticies-campanyes\/musica-a-la-llum\/lateneu-musical-schola-cantorum-presenta-el-xix-concert-amb-el-lema-musica-mestre\/","title":{"rendered":"L&#8217;Ateneu Musical Schola Cantorum presenta el XIX Concert amb el lema &#8220;M\u00fasica, mestre&#8221;"},"content":{"rendered":"<p class=\"texto\"><span class=\"texto\">Vall d&#8217;Uix\u00f3, 27 de setembre del 2016<br \/>\nL&#8217;Ateneu Musical Schola Cantorum oferir\u00e0 el pr\u00f2xim divendres 30 de setembre el XIX Concert a la Pla\u00e7a de l&#8217;Assumpci\u00f3, sota el lema &#8220;M\u00fasica, mestre&#8221;.\u00a0 <\/span><\/p>\n<div><span class=\"texto\"><br \/>\n<\/span><\/div>\n<div>Francisco Javier Ros, director convidat per a aquest concert, dur\u00e0 a terme un gran programa, d&#8217;acord amb el gran esdeveniment que significa aquest concert per a la banda vallduxense.<\/div>\n<div><\/div>\n<div>L&#8217;acte comptar\u00e0 tamb\u00e9 amb la figura convidada de Pablo Marqu\u00e9s Mestre, qui era fins fa poc de temps el director titular del Schola Cantorum i actual director de la Uni\u00f3 Musical de Ll\u00edria, per a interpretar una pe\u00e7a molt lligada a la hist\u00f2ria de l&#8217;Ateneu i a la relaci\u00f3 de la Societat Musical amb Pablo Marqu\u00e9s.<\/div>\n<div><\/div>\n<div>Nous reptes i acomiadaments musicals per a un gran concert.<\/div>\n<div><\/div>\n<h3>Programa<\/h3>\n<h4>Primera part<\/h4>\n<div>Maido (pasdoble) &#8230;&#8230;&#8230;&#8230;&#8230;&#8230;&#8230;&#8230;&#8230;&#8230;&#8230;&#8230;&#8230;&#8230;. Jos\u00e9 Rafael Pascual-Vilaplana<\/div>\n<div>Danz\u00f3n n. 2 &#8230;&#8230;&#8230;&#8230;&#8230;&#8230;&#8230;&#8230;&#8230;&#8230;&#8230;&#8230;&#8230;&#8230;&#8230;&#8230;&#8230;&#8230;&#8230;&#8230;&#8230;&#8230;&#8230;&#8230;&#8230;. Arturo M\u00e1rquez<\/div>\n<div>Hispania (Fantas\u00eda Espa\u00f1ola) &#8230;&#8230;&#8230;&#8230;&#8230;&#8230;&#8230;&#8230;&#8230;&#8230;&#8230;&#8230;&#8230;&#8230;&#8230;&#8230; \u00d3scar Navarro<\/div>\n<div>Director convidat: Francisco Javier Ros Ortega<\/div>\n<div><\/div>\n<div>Apertura 1812 &#8230;&#8230;&#8230;&#8230;&#8230;&#8230;&#8230;&#8230;&#8230;&#8230;&#8230;&#8230;&#8230;&#8230;&#8230;&#8230;&#8230;&#8230;&#8230; Pyotr Iliych Tchaikovsky<\/div>\n<div>Director convidat: Pablo Marqu\u00e9s Mestre<\/div>\n<div><\/div>\n<h4>Segona part<\/h4>\n<div>Alpina Fanfare &#8230;&#8230;&#8230;&#8230;&#8230;&#8230;&#8230;&#8230;&#8230;&#8230;&#8230;&#8230;&#8230;&#8230;&#8230;&#8230;&#8230;&#8230;&#8230;&#8230;&#8230;&#8230;&#8230;. Franco Cesarini<\/div>\n<div>Symphonic Dances &#8230;&#8230;&#8230;&#8230;&#8230;&#8230;&#8230;&#8230;&#8230;&#8230;&#8230;&#8230;&#8230;&#8230;&#8230;&#8230;&#8230;&#8230;&#8230;&#8230;&#8230; Yosuke Fukuda<\/div>\n<div>I. Renaissance Dances<\/div>\n<div>II. Tango<\/div>\n<div>III. Hoedown<\/div>\n<div>IV. Spirituals (Buen-Odori-Uta)<\/div>\n<div>V. Belly Dance<\/div>\n<div>Symphony n.5, IV Finale &#8230;&#8230;&#8230;&#8230;&#8230;&#8230;&#8230;&#8230;&#8230;&#8230;&#8230;&#8230;&#8230;&#8230;&#8230;.. Dimitri Shostakovich<\/div>\n<div>Director convidat: Francisco Javier Ros Ortega<\/div>\n<p>&nbsp;<\/p>\n","protected":false},"excerpt":{"rendered":"<p>La banda vallera oferir\u00e0 el concert el pr\u00f2xim divendres 30 de setembre a les 22:00 a la Pla\u00e7a de l&#8217;Assumpci\u00f3<\/p>\n","protected":false},"author":2,"featured_media":0,"comment_status":"closed","ping_status":"closed","sticky":false,"template":"","format":"standard","meta":{"footnotes":""},"categories":[10],"tags":[],"class_list":["post-1523","post","type-post","status-publish","format-standard","hentry","category-musica-a-la-llum"],"_links":{"self":[{"href":"https:\/\/fsmcv.org\/vl\/wp-json\/wp\/v2\/posts\/1523","targetHints":{"allow":["GET"]}}],"collection":[{"href":"https:\/\/fsmcv.org\/vl\/wp-json\/wp\/v2\/posts"}],"about":[{"href":"https:\/\/fsmcv.org\/vl\/wp-json\/wp\/v2\/types\/post"}],"author":[{"embeddable":true,"href":"https:\/\/fsmcv.org\/vl\/wp-json\/wp\/v2\/users\/2"}],"replies":[{"embeddable":true,"href":"https:\/\/fsmcv.org\/vl\/wp-json\/wp\/v2\/comments?post=1523"}],"version-history":[{"count":0,"href":"https:\/\/fsmcv.org\/vl\/wp-json\/wp\/v2\/posts\/1523\/revisions"}],"wp:attachment":[{"href":"https:\/\/fsmcv.org\/vl\/wp-json\/wp\/v2\/media?parent=1523"}],"wp:term":[{"taxonomy":"category","embeddable":true,"href":"https:\/\/fsmcv.org\/vl\/wp-json\/wp\/v2\/categories?post=1523"},{"taxonomy":"post_tag","embeddable":true,"href":"https:\/\/fsmcv.org\/vl\/wp-json\/wp\/v2\/tags?post=1523"}],"curies":[{"name":"wp","href":"https:\/\/api.w.org\/{rel}","templated":true}]}}