{"id":1553,"date":"2016-06-13T09:09:55","date_gmt":"2016-06-13T07:09:55","guid":{"rendered":"http:\/\/fsmcv.org\/?post_type=fsmcv-noticias&#038;p=1553"},"modified":"2020-09-27T18:14:23","modified_gmt":"2020-09-27T18:14:23","slug":"los-sones-al-cole-projecte-de-la-societat-instructiva-musical-sones-de-sax","status":"publish","type":"post","link":"https:\/\/fsmcv.org\/vl\/noticies-campanyes\/musica-a-la-llum\/los-sones-al-cole-projecte-de-la-societat-instructiva-musical-sones-de-sax\/","title":{"rendered":"Los Sones al Cole. Projecte de la Societat Instructiva Musical Sones de Sax"},"content":{"rendered":"<p class=\"texto\"><span class=\"texto\">Sax, 13 de juny de 2016<\/p>\n<p><\/span><\/p>\n<p><span class=\"texto\">La Societat Musical Instructiva Sons de Sax, des de fa diversos anys, i a trav\u00e9s de l&#8217;escola de m\u00fasica, desitja acostar-se i donar a con\u00e9ixer la m\u00fasica als xiquets i xiquetes. I la millor manera&#8230; portant la m\u00fasica als <span class=\"hiddenSpellError\">col\u00b7les<\/span>.<\/span><\/p>\n<p>Enguany, comencen un nou format: que els xiquets participen amb ells. Comencen dem\u00e0 14 de juny en el col\u00b7legi Cervantes i aix\u00ed, aniran passant per tots els col\u00b7legis i l&#8217;institut.<\/p>\n<p>&#8220;Agrair a tots els equips directius, professors de m\u00fasica i <span class=\"hiddenSpellError\">AMPAS<\/span>, per la seua col\u00b7laboraci\u00f3 en aquest projecte dels sons, en el qual posem moltes ganes i molt afecte per a dur-ho a terme&#8221;, asseguren des de l&#8217;escola de m\u00fasica.<\/p>\n<p>El projecte consistir\u00e0 en un concert pedag\u00f2gic en el pati del col\u00b7legi Cervantes 14 de Juny a les <span class=\"hiddenGrammarError\">10:00\u202fh<\/span>. I constar\u00e0 de 2 parts:<\/p>\n<p>1a Part. Intervenci\u00f3 dels alumnes &#8220;Rock School &#8220;de l&#8217;escola &#8220;Sones de <span class=\"hiddenSpellError\">Sax<\/span>&#8221;<\/p>\n<p>2a Part. Amb la participaci\u00f3 de la banda escola &#8220;Sones de Sax &#8220;i alumnes dels col\u00b7legis.<\/p>\n<p>I al setembre seguiran amb el seu projecte duent a terme els concerts en l&#8217;Institut &#8220;<span class=\"hiddenSpellError\">Pascual<\/span> Carri\u00f3n&#8221; (data per confirmar) i en el teatre Cervantes.<\/p>\n<p>&nbsp;<\/p>\n","protected":false},"excerpt":{"rendered":"<p>Comencen dem\u00e0 14 de juny en el col\u00b7legi Cervantes i aix\u00ed, aniran passant per tots els col\u00b7legis i l&#8217;institut<\/p>\n","protected":false},"author":2,"featured_media":0,"comment_status":"closed","ping_status":"closed","sticky":false,"template":"","format":"standard","meta":{"footnotes":""},"categories":[10],"tags":[],"class_list":["post-1553","post","type-post","status-publish","format-standard","hentry","category-musica-a-la-llum"],"_links":{"self":[{"href":"https:\/\/fsmcv.org\/vl\/wp-json\/wp\/v2\/posts\/1553","targetHints":{"allow":["GET"]}}],"collection":[{"href":"https:\/\/fsmcv.org\/vl\/wp-json\/wp\/v2\/posts"}],"about":[{"href":"https:\/\/fsmcv.org\/vl\/wp-json\/wp\/v2\/types\/post"}],"author":[{"embeddable":true,"href":"https:\/\/fsmcv.org\/vl\/wp-json\/wp\/v2\/users\/2"}],"replies":[{"embeddable":true,"href":"https:\/\/fsmcv.org\/vl\/wp-json\/wp\/v2\/comments?post=1553"}],"version-history":[{"count":0,"href":"https:\/\/fsmcv.org\/vl\/wp-json\/wp\/v2\/posts\/1553\/revisions"}],"wp:attachment":[{"href":"https:\/\/fsmcv.org\/vl\/wp-json\/wp\/v2\/media?parent=1553"}],"wp:term":[{"taxonomy":"category","embeddable":true,"href":"https:\/\/fsmcv.org\/vl\/wp-json\/wp\/v2\/categories?post=1553"},{"taxonomy":"post_tag","embeddable":true,"href":"https:\/\/fsmcv.org\/vl\/wp-json\/wp\/v2\/tags?post=1553"}],"curies":[{"name":"wp","href":"https:\/\/api.w.org\/{rel}","templated":true}]}}