{"id":1566,"date":"2016-06-10T09:20:03","date_gmt":"2016-06-10T07:20:03","guid":{"rendered":"http:\/\/fsmcv.org\/?post_type=fsmcv-noticias&#038;p=1566"},"modified":"2020-09-27T18:14:54","modified_gmt":"2020-09-27T18:14:54","slug":"noves-experiencies-docents-del-llenguatge-musical-a-traves-de-les-noves-tecnologies","status":"publish","type":"post","link":"https:\/\/fsmcv.org\/vl\/noticies-campanyes\/musica-a-la-llum\/noves-experiencies-docents-del-llenguatge-musical-a-traves-de-les-noves-tecnologies\/","title":{"rendered":"Noves experi\u00e8ncies docents del llenguatge musical a trav\u00e9s de les noves tecnologies"},"content":{"rendered":"<p>L&#8217;aplicaci\u00f3 d&#8217;AulaVirtualMusica es mostrar\u00e0 el seu actual potencial a les escoles de m\u00fasica. Charla impartida per Cristobal Navarro, director de l&#8217;Orquestra de corda de l&#8217;Escola de M\u00fasica Canet, d&#8217;en Berenguer, i Sergi Rajadell, director i compositor, especialista en inform\u00e0tica musical.<\/p>\n<p>Molt interessant per a docents i directius de les Escoles de M\u00fasica.<\/p>\n<p>I per a la vesprada m\u00e9s bona m\u00fasica. A les 19:30 en en Teatre Municipal, La familiar de Benisan\u00f3 realitzar\u00e0 el concert de Retrobem de la Nostra M\u00fasica, amb la col.laboraci\u00f3 de 4 professors de la Banda Municipal de Valencia que faran dos duos acompanyats per la Banda.<\/p>\n<p>Recordeu que encara est\u00e0 ober el termini d\u2019inscripci\u00f3 per participar al II Concurs de Joves Int\u00e9rpretes La Familiar de Benisan\u00f3.<\/p>\n<p>M\u00e9s informaci\u00f3 al correu\u00a0 <b><a href=\"mailto:familiarbenisano@gmail.com\">lafamiliarbenisano@gmail.com<\/a><\/b><\/p>\n","protected":false},"excerpt":{"rendered":"<p>Xarrada sobre noves tecnologies, concert Retrobem i II Concurso de Joves Interpretes per la Familiar de Benissan\u00f3<\/p>\n","protected":false},"author":2,"featured_media":0,"comment_status":"closed","ping_status":"closed","sticky":false,"template":"","format":"standard","meta":{"footnotes":""},"categories":[10],"tags":[],"class_list":["post-1566","post","type-post","status-publish","format-standard","hentry","category-musica-a-la-llum"],"_links":{"self":[{"href":"https:\/\/fsmcv.org\/vl\/wp-json\/wp\/v2\/posts\/1566","targetHints":{"allow":["GET"]}}],"collection":[{"href":"https:\/\/fsmcv.org\/vl\/wp-json\/wp\/v2\/posts"}],"about":[{"href":"https:\/\/fsmcv.org\/vl\/wp-json\/wp\/v2\/types\/post"}],"author":[{"embeddable":true,"href":"https:\/\/fsmcv.org\/vl\/wp-json\/wp\/v2\/users\/2"}],"replies":[{"embeddable":true,"href":"https:\/\/fsmcv.org\/vl\/wp-json\/wp\/v2\/comments?post=1566"}],"version-history":[{"count":0,"href":"https:\/\/fsmcv.org\/vl\/wp-json\/wp\/v2\/posts\/1566\/revisions"}],"wp:attachment":[{"href":"https:\/\/fsmcv.org\/vl\/wp-json\/wp\/v2\/media?parent=1566"}],"wp:term":[{"taxonomy":"category","embeddable":true,"href":"https:\/\/fsmcv.org\/vl\/wp-json\/wp\/v2\/categories?post=1566"},{"taxonomy":"post_tag","embeddable":true,"href":"https:\/\/fsmcv.org\/vl\/wp-json\/wp\/v2\/tags?post=1566"}],"curies":[{"name":"wp","href":"https:\/\/api.w.org\/{rel}","templated":true}]}}