{"id":1569,"date":"2016-06-10T09:21:26","date_gmt":"2016-06-10T07:21:26","guid":{"rendered":"http:\/\/fsmcv.org\/?post_type=fsmcv-noticias&#038;p=1569"},"modified":"2020-09-27T18:15:00","modified_gmt":"2020-09-27T18:15:00","slug":"xxii-trobada-de-bandes-de-musica-plana-baixa-al-municipi-les-alqueries","status":"publish","type":"post","link":"https:\/\/fsmcv.org\/vl\/noticies-campanyes\/musica-a-la-llum\/xxii-trobada-de-bandes-de-musica-plana-baixa-al-municipi-les-alqueries\/","title":{"rendered":"XXII Trobada de Bandes de M\u00fasica Plana Baixa, al municipi Les Alqueries"},"content":{"rendered":"<p>Les Alqueries, 10 de juny de 2016<\/p>\n<p>El pr\u00f2xim dissabte 19 de juny es celebra la XXII Trobada de Bandes de M\u00fasica Plana Baixa. L\u2019esdeveniment tindr\u00e0 lloc al municipi Les Alqueries, a les 19\u202fh de la vesprada a la Casa de la M\u00fasica.<\/p>\n<p>Les bandes participants en aquest encontre s\u00f3n: Agrupaci\u00f3 Musical Santa Cec\u00edlia d\u2019Almenara, Uni\u00f3 Musical Eslidense, Societat Uni\u00f3 Musical Santa Cec\u00edlia de Moncofa, Associaci\u00f3 Musical Art\u00edstica Nulense, Uni\u00f3 Musical la Lira de Vila-real, Agrupaci\u00f3 Musical Art\u00edstica Santa Cec\u00edlia de la Vilavella, Uni\u00f3 Musical Alqueriense.<\/p>\n<p>A les set de la vesprada comen\u00e7ar\u00e0 la trobada amb l\u2019arribada de les bandes a Les Alqueries, amb una recepci\u00f3 d\u2019autoritats al hall de la Casa de la M\u00fasica.<\/p>\n<p>A les set i mitja ser\u00e0 l\u2019inici de l\u2019acte amb parlaments d\u2019autoritats, per a comen\u00e7ar amb l\u2019entrada de bandes participants i comen\u00e7ament del concert. Una vegada finalitzat, ser\u00e0 l\u2019entrega de corbatins commemoratius. Cloenda amb la interpretaci\u00f3 conjunta de l\u2019Himne Regional.<\/p>\n<p>El poble de Les Alqueries ha sigut pioner en organitzar Trobades de Bandes; des de la primera all\u00e0 el 1995 fins a aquesta, han estat vint-i-dos anys en els quals han passat diferents administracions pol\u00edtiques, moltes persones, directius de societats musicals, per\u00f2 el que sempre ha estat ac\u00ed \u00e9s la m\u00fasica. La M\u00daSICA, amb maj\u00fascules.<\/p>\n<p>\u201cLa m\u00fasica de banda, la nostra, la que beu de les tradicions per\u00f2 mira al futur amb projectes innovadors, carregats d\u2019esfor\u00e7 i amb una meta d\u2019excel\u00b7l\u00e8ncia en l&#8217;educaci\u00f3 musical a les nostres escoles de m\u00fasica\u201d comenta amb orgull Jos\u00e9 Antonio Torres Miravet, President Societat Uni\u00f3 Musical Alqueriense, societat amfitriona.<\/p>\n<p>En aquests vint-i-dos anys les bandes han evolucionat, han progressat i han millorat en aspectes com la gesti\u00f3, el nivell musical i la qualitat en l\u2019educaci\u00f3. El que no ha canviat \u00e9s la il\u00b7lusi\u00f3 dels m\u00fasics, les ganes de participar d\u2019aquests actes i l\u2019esperit altruista i voluntari\u00f3s de totes aquelles persones que formem part del col\u00b7lectiu de les societats musicals.<\/p>\n<p>\u201cNo vull deixar l&#8217;ocasi\u00f3 de reivindicar una vegada m\u00e9s, la import\u00e0ncia del nostre paper en el teixit social i cultural dels nostres pobles, i vull fer una crida a la implicaci\u00f3 de tots i totes amb les societats musicals: tots podem aportar, us assegure que la recompensa paga la pena\u201d conclou Torres.<\/p>\n<p><b>Programa<\/b><\/p>\n<p>AGRUPACI\u00d3 MUSICAL \u201cSANTA CEC\u00cdLIA\u201d D\u2019ALMENARA<\/p>\n<p>Director: Miguel Bautista Fortuny<\/p>\n<p>Pasdoble de desfilada: Operador . . . . . . . . . . . . . . . . . . . . . Godofredo Garrigues<\/p>\n<p>Pasdoble de concert: Vito \u00a0. . . . . . . . . . . . . . . . . . . . . . . . . . . Santiago Lope<\/p>\n<p>UNI\u00d3 MUSICAL ESLIDENSE<\/p>\n<p>Director: Francisco Javier Garc\u00eda Benedito<\/p>\n<p>Pasdoble de desfilada: El T\u00edo Ram\u00f3n . . . . . . . . . . . . . . . . . . Salv\u00e0 y Olcina<\/p>\n<p>Pasdoble de concert: Vicent Pipa \u00a0. . . . . . . . . . . . . . . . . . . . . Francisco Javier G\u00aa Benedito<\/p>\n<p>SOCIETAT UNI\u00d3 MUSICAL \u201cSANTA CEC\u00cdLIA\u201d DE MONCOFA<\/p>\n<p>Director: Mikael Celda Gonz\u00e1lez<\/p>\n<p>Pasdoble de desfilada: Moncofa . . . . . . . . . . . . . . . . . . . . . . Eugenio Mart\u00ed<\/p>\n<p>Pasdoble de concert: Ag\u00fcero\u00a0 \u00a0. . . . . . . . . . . . . . . . . . . . . . . Jos\u00e9 Franco<\/p>\n<p>ASSOCIACI\u00d3 MUSICAL ART\u00cdSTICA NULENSE<\/p>\n<p>Director: Antonio Reyero Vilar<\/p>\n<p>Pasdoble de desfilada: Camino de Rosas \u00a0. . . . . . . . . . . . . . Jos\u00e9 Franco<\/p>\n<p>Pasdoble de concert: Larga Cordobesa \u00a0. . . . . . . . . . . . . . . . Francisco J . Mart\u00ednez Gallego<\/p>\n<p>UNI\u00d3 MUSICAL LA LIRA DE VILA-REAL<\/p>\n<p>Director: Juan Jos\u00e9 Pel\u00e1ez Vilanova<\/p>\n<p>Pasdoble de desfilada: Los Jubilados . . . . . . . . . . . . . . . . . Jos\u00e9 Ram\u00f3n Sancho Vidal<\/p>\n<p>Pasdoble de concert: Musical Apolo . . . . . . . . . . . . . . . . . . Amando Blanquer<\/p>\n<p>AGRUPACI\u00d3 MUSICAL ART\u00cdSTICA \u201cSANTA CEC\u00cdLIA\u201d DE LA VILAVELLA<\/p>\n<p>Director: Josep Daniel Moliner Meli\u00e0<\/p>\n<p>Pasdoble de desfilada: Marbau \u00a0. . . . . . . . . . . . . . . . . . . . . Jos\u00e9 Ripoll<\/p>\n<p>Pasdoble de concert: Certamen Levantino \u00a0. . . . . . . . . . . . . Pascual Marquina<\/p>\n<p>UNI\u00d3 MUSICAL ALQUERIENSE<\/p>\n<p>Directora: Lid\u00f3n Valer Cabaleiro<\/p>\n<p>Pasdoble de desfilada: Caridad Guardiola \u00a0. . . . . . . . . . . . . . Antonio Carrillos Colomina<\/p>\n<p>Pasdoble de concert: El tio Caniyitas \u00a0. . . . . . . . . . . . . . . . . Ricardo Dorado<\/p>\n","protected":false},"excerpt":{"rendered":"<p>Les bandas participants en aquest encuentre s\u00f3n: AM Santa Cec\u00edlia d\u2019Almenara, UM Eslidense, Societat UM Santa Cec\u00edlia de Moncofa, AM Art\u00edstica Nulense, UM la Lira de Vila-real, AM Santa Cec\u00edlia de Villavieja, UM Alqueriense.<\/p>\n","protected":false},"author":2,"featured_media":0,"comment_status":"closed","ping_status":"closed","sticky":false,"template":"","format":"standard","meta":{"footnotes":""},"categories":[10],"tags":[],"class_list":["post-1569","post","type-post","status-publish","format-standard","hentry","category-musica-a-la-llum"],"_links":{"self":[{"href":"https:\/\/fsmcv.org\/vl\/wp-json\/wp\/v2\/posts\/1569","targetHints":{"allow":["GET"]}}],"collection":[{"href":"https:\/\/fsmcv.org\/vl\/wp-json\/wp\/v2\/posts"}],"about":[{"href":"https:\/\/fsmcv.org\/vl\/wp-json\/wp\/v2\/types\/post"}],"author":[{"embeddable":true,"href":"https:\/\/fsmcv.org\/vl\/wp-json\/wp\/v2\/users\/2"}],"replies":[{"embeddable":true,"href":"https:\/\/fsmcv.org\/vl\/wp-json\/wp\/v2\/comments?post=1569"}],"version-history":[{"count":0,"href":"https:\/\/fsmcv.org\/vl\/wp-json\/wp\/v2\/posts\/1569\/revisions"}],"wp:attachment":[{"href":"https:\/\/fsmcv.org\/vl\/wp-json\/wp\/v2\/media?parent=1569"}],"wp:term":[{"taxonomy":"category","embeddable":true,"href":"https:\/\/fsmcv.org\/vl\/wp-json\/wp\/v2\/categories?post=1569"},{"taxonomy":"post_tag","embeddable":true,"href":"https:\/\/fsmcv.org\/vl\/wp-json\/wp\/v2\/tags?post=1569"}],"curies":[{"name":"wp","href":"https:\/\/api.w.org\/{rel}","templated":true}]}}