{"id":1619,"date":"2016-05-27T09:58:32","date_gmt":"2016-05-27T07:58:32","guid":{"rendered":"http:\/\/fsmcv.org\/?post_type=fsmcv-noticias&#038;p=1619"},"modified":"2020-09-27T18:17:50","modified_gmt":"2020-09-27T18:17:50","slug":"concert-extraordinari-de-primavera-de-la-banda-simfonica-unio-musical-de-lliria-dirigida-per-pablo-marques","status":"publish","type":"post","link":"https:\/\/fsmcv.org\/vl\/noticies-campanyes\/musica-a-la-llum\/concert-extraordinari-de-primavera-de-la-banda-simfonica-unio-musical-de-lliria-dirigida-per-pablo-marques\/","title":{"rendered":"Concert Extraordinari de Primavera de la Banda Simf\u00f2nica Uni\u00f3 Musical de Ll\u00edria, dirigida per Pablo Marqu\u00e9s"},"content":{"rendered":"<p>Ll\u00edria 27 de maig de 2016<\/p>\n<p>Dem\u00e0 dissabte 28 de Maig, a les 19:00 hores, al Teatre Sala de Concerts Uni\u00f3 Musical de Ll\u00edria, tindr\u00e0 lloc el concert de la Banda Simf\u00f2nica Uni\u00f3 Musical de Ll\u00edria, dirigida, com a director invitat, per Pablo Marqu\u00e9s Mestre.<\/p>\n<p>Aquest ser\u00e1 l\u2019ultim dels 3 concerts en qu\u00e8 l\u2019agrupaci\u00f3 ha estat probant un revolucionari sistema per a triar nou director, en qu\u00e8 cada concert ha sigut dirigit per un director diferent.<\/p>\n<p>El primer a agafar la batuta de la Uni\u00f3 Musical va ser Francisco Valero, que va dirigir a la banda en el concert del 20 de febrer i, tamb\u00e9, en un concert \u2013 programat a Amposta \u2013 que va tenir lloc el 27 de febrer. Per al concert del 9 d\u2019abril, que se celebr\u00e0 dins de les festes en honor a Sant Vicent Ferrer, la banda va ser dirigida pel belga Dirk de Caluwe. L\u2019\u00faltim director en dirigir a la Uni\u00f3 Musical, abans de l\u2019elecci\u00f3 del nou director titular, \u00e9s Pablo Marqu\u00e9s, qui es posar\u00e0 al capdavant de la banda per al concert extraordinari de primavera, aquest 28 de maig.<\/p>\n<p><b>Pablo Marqu\u00e9s Mestre<\/b><\/p>\n<p>Natural d&#8217;Altura, \u00e9s titulat superior pel Conservatori Salvador Segu\u00ed de Castell\u00f3 en l&#8217;especialitat de Trompeta. Tamb\u00e9 t\u00e9 estudis de Direcci\u00f3 d&#8217;Orquestra i Cor amb els mestres Juan Luis Mart\u00ednez, Salvador Sebasti\u00e0 i Rafael S\u00e1nchez Mombiedro, a m\u00e9s de realitzar diferents cursos i masterclass de Direcci\u00f3 Orquestral amb els mestres Yaron Traub i Crist\u00f3bal Soler, entre uns altres.<\/p>\n<p>Ha actuat com a director convidat en diferents agrupacions, entre les quals destaquen l&#8217;Orquestra Simf\u00f2nica Nacional d&#8217;Est\u00f2nia (ERSO), \u201cCarpe Diem\u201d Chamber Orchestra Saint Petersburg (R\u00fassia), Jove Orquestra Simf\u00f2nica de Castell\u00f3 (JOSC), Estonian Academy of Music and Theatre Symphony Orchestra de Tallinn (Est\u00f2nia), i la Banda Simf\u00f2nica i Orquestra de la Societat Musical Instructiva Santa Cec\u00edlia de Cullera (Val\u00e8ncia).<\/p>\n<p>En la seua experi\u00e8ncia professional destaca com a director de solistes de la talla de Wenzel Fuchs (clarinet solista de la Filharm\u00f2nica de Berl\u00edn), Raisa Ulumbekova (professora del Rimsky-Korsakov St.Petersburg State Conservatory), Venancio Rius (professor de la Universitat Alfonso X el Sabio, i solista) i altres m\u00fasics de gran projecci\u00f3 com Ra\u00fal Traver, Paola Rodilla, N\u00e9stor Zarzoso, Jes\u00fas Jim\u00e9nez i Mariano Esteban. A m\u00e9s, en el camp del teatre i de la l\u00edrica, ha dirigit diverses gales l\u00edriques i ha sigut el director musical de les sarsueles \u201cGigantes y Cabezudos\u201d i \u201cBohemios\u201d amb l&#8217;orquestra i cor de l&#8217;Ateneu Musical Schola Cantorum de la Vall d\u2019Uix\u00f3 en el Teatre Principal de Castell\u00f3, dins del XIV i XV Cicles d&#8217;\u00d2pera de Castell\u00f3. Ha sigut director de la Banda Simf\u00f2nica de la Uni\u00f3 Musical Utielana d&#8217;Utiel, i actualment \u00e9s director titular de la Banda Simf\u00f2nica de l&#8217;Ateneu Musical Schola Cantorum de la Vall d\u2019Uix\u00f3, de l&#8217;Orquestra de la Societat \u201cLa Primitiva\u201d de Rafelbunyol i de la Jove Orquestra Simf\u00f2nica de Castell\u00f3 (JOSC). Entre els seus futurs projectes es troben entre uns altres, un concert com a director convidat amb la Banda Simf\u00f2nica de la Uni\u00f3 Musical de Ll\u00edria, la direcci\u00f3 musical de la sarsuela \u201cLa Tabernera del Puerto\u201d amb l&#8217;Orquestra i Cor de l&#8217;Ateneu Musical Schola Cantorum, el 5th Spanish Tour \u201cCarpe Diem\u201d Chamber Orchestra St. Petersburg i la trobada d&#8217;estiu amb la Jove Orquestra Simf\u00f2nica de Castell\u00f3 (JOSC).<\/p>\n<p>Actualment \u00e9s el nou director titular de la Jove Banda Simf\u00f2nica de la Federaci\u00f3 de Societats Musicals de la Comunitat Valenciana per a la temporada de 2016<\/p>\n","protected":false},"excerpt":{"rendered":"<p>Dem\u00e0 dissabte 28 de Maig, a les 19:00 hores, al Teatre Sala de Concerts Uni\u00f3 Musical de Ll\u00edria, tindr\u00e0 lloc el concert de la Banda Simf\u00f2nica Uni\u00f3 Musical de Ll\u00edria, dirigida, com a director invitat, per Pablo Marqu\u00e9s Mestre<\/p>\n","protected":false},"author":2,"featured_media":0,"comment_status":"closed","ping_status":"closed","sticky":false,"template":"","format":"standard","meta":{"footnotes":""},"categories":[10],"tags":[],"class_list":["post-1619","post","type-post","status-publish","format-standard","hentry","category-musica-a-la-llum"],"_links":{"self":[{"href":"https:\/\/fsmcv.org\/vl\/wp-json\/wp\/v2\/posts\/1619","targetHints":{"allow":["GET"]}}],"collection":[{"href":"https:\/\/fsmcv.org\/vl\/wp-json\/wp\/v2\/posts"}],"about":[{"href":"https:\/\/fsmcv.org\/vl\/wp-json\/wp\/v2\/types\/post"}],"author":[{"embeddable":true,"href":"https:\/\/fsmcv.org\/vl\/wp-json\/wp\/v2\/users\/2"}],"replies":[{"embeddable":true,"href":"https:\/\/fsmcv.org\/vl\/wp-json\/wp\/v2\/comments?post=1619"}],"version-history":[{"count":0,"href":"https:\/\/fsmcv.org\/vl\/wp-json\/wp\/v2\/posts\/1619\/revisions"}],"wp:attachment":[{"href":"https:\/\/fsmcv.org\/vl\/wp-json\/wp\/v2\/media?parent=1619"}],"wp:term":[{"taxonomy":"category","embeddable":true,"href":"https:\/\/fsmcv.org\/vl\/wp-json\/wp\/v2\/categories?post=1619"},{"taxonomy":"post_tag","embeddable":true,"href":"https:\/\/fsmcv.org\/vl\/wp-json\/wp\/v2\/tags?post=1619"}],"curies":[{"name":"wp","href":"https:\/\/api.w.org\/{rel}","templated":true}]}}