{"id":1639,"date":"2016-05-27T10:56:13","date_gmt":"2016-05-27T08:56:13","guid":{"rendered":"http:\/\/fsmcv.org\/?post_type=fsmcv-noticias&#038;p=1639"},"modified":"2020-09-27T18:18:31","modified_gmt":"2020-09-27T18:18:31","slug":"la-unio-musical-de-yatova-ja-te-els-candidats-per-a-la-direccio-de-la-seua-banda-simfonica","status":"publish","type":"post","link":"https:\/\/fsmcv.org\/vl\/noticies-campanyes\/musica-a-la-llum\/la-unio-musical-de-yatova-ja-te-els-candidats-per-a-la-direccio-de-la-seua-banda-simfonica\/","title":{"rendered":"La Uni\u00f3 Musical de Y\u00e1tova ja t\u00e9 els candidats per a la direcci\u00f3 de la seua banda simf\u00f2nica"},"content":{"rendered":"<p class=\"texto\"><span class=\"texto\">Y\u00e1toba, 27 de maig de 2016<br \/>\n<\/span><\/p>\n<p><span class=\"texto\">Despr\u00e9s d&#8217;un mes de proc\u00e9s de selecci\u00f3 i m\u00e9s de 120 candidats, la societat ha decidit convidar als directors Ignacio Blesa i \u00c1ngel Crespo per als pr\u00f2xims concerts.<\/span><\/p>\n<p>Durant aquest temps s&#8217;ha estudiat el perfil dels interessats i s&#8217;han realitzat entrevistes als quals s&#8217;han considerat m\u00e9s adequats per al lloc. Ara el treball amb els m\u00fasics ser\u00e0 un factor determinant per a l&#8217;elecci\u00f3.<\/p>\n<p>Durant la primera quinzena de maig, la Banda simf\u00f2nica de Y\u00e1toba ha estat assajant amb \u00c1ngel Crespo, director de Picassent, qui es va encarregar de preparar la banda per al concert de San Isidro a Y\u00e1tova, el 15 de maig. A partir d&#8217;aqueixa data \u00e9s el jove director de Lliria, Ignacio Blesa, qui prendr\u00e0 la batuta per a realitzar un concert el 10 de Julio<\/p>\n<p>&nbsp;<\/p>\n","protected":false},"excerpt":{"rendered":"<p>Despr\u00e9s d&#8217;un mes de proc\u00e9s de selecci\u00f3 i m\u00e9s de 120 candidats, la societat ha decidit convidar als directors Ignacio Blesa i \u00c1ngel Crespo per als pr\u00f2xims concerts.<\/p>\n","protected":false},"author":2,"featured_media":0,"comment_status":"closed","ping_status":"closed","sticky":false,"template":"","format":"standard","meta":{"footnotes":""},"categories":[10],"tags":[],"class_list":["post-1639","post","type-post","status-publish","format-standard","hentry","category-musica-a-la-llum"],"_links":{"self":[{"href":"https:\/\/fsmcv.org\/vl\/wp-json\/wp\/v2\/posts\/1639","targetHints":{"allow":["GET"]}}],"collection":[{"href":"https:\/\/fsmcv.org\/vl\/wp-json\/wp\/v2\/posts"}],"about":[{"href":"https:\/\/fsmcv.org\/vl\/wp-json\/wp\/v2\/types\/post"}],"author":[{"embeddable":true,"href":"https:\/\/fsmcv.org\/vl\/wp-json\/wp\/v2\/users\/2"}],"replies":[{"embeddable":true,"href":"https:\/\/fsmcv.org\/vl\/wp-json\/wp\/v2\/comments?post=1639"}],"version-history":[{"count":0,"href":"https:\/\/fsmcv.org\/vl\/wp-json\/wp\/v2\/posts\/1639\/revisions"}],"wp:attachment":[{"href":"https:\/\/fsmcv.org\/vl\/wp-json\/wp\/v2\/media?parent=1639"}],"wp:term":[{"taxonomy":"category","embeddable":true,"href":"https:\/\/fsmcv.org\/vl\/wp-json\/wp\/v2\/categories?post=1639"},{"taxonomy":"post_tag","embeddable":true,"href":"https:\/\/fsmcv.org\/vl\/wp-json\/wp\/v2\/tags?post=1639"}],"curies":[{"name":"wp","href":"https:\/\/api.w.org\/{rel}","templated":true}]}}