{"id":1642,"date":"2016-05-25T10:57:33","date_gmt":"2016-05-25T08:57:33","guid":{"rendered":"http:\/\/fsmcv.org\/?post_type=fsmcv-noticias&#038;p=1642"},"modified":"2020-09-27T18:18:38","modified_gmt":"2020-09-27T18:18:38","slug":"lagrupacio-artistic-musical-carros-llanca-un-concurs-per-a-renovar-el-seu-nou-logotip","status":"publish","type":"post","link":"https:\/\/fsmcv.org\/vl\/noticies-campanyes\/musica-a-la-llum\/lagrupacio-artistic-musical-carros-llanca-un-concurs-per-a-renovar-el-seu-nou-logotip\/","title":{"rendered":"L&#8217;Agrupaci\u00f3 Art\u00edstic Musical Carr\u00f2s llan\u00e7a un Concurs per a renovar el seu nou logotip"},"content":{"rendered":"<p class=\"texto\"><span class=\"texto\">Font d&#8217;en Carr\u00f2s, 25 de maig de 2016<br \/>\n<\/span><\/p>\n<p><span class=\"texto\">L&#8217;<span class=\"hiddenSpellError\">AAM<\/span> Carr\u00f2s llan\u00e7a el Concurs per a renovar el seu nou logotip amb la finalitat d&#8217;adaptar-nos als temps i com a mostra de la maduresa de la nostra Agrupaci\u00f3 que porta quasi tres d\u00e8cades a l&#8217;esquena.<\/span><\/p>\n<p>El premi al millor logotip t\u00e9 una gratificaci\u00f3 econ\u00f2mica de 300 euros i la data de termini de presentaci\u00f3 dels treballs acaba el 30 de setembre del 2016.<\/p>\n<p>L\u2019Agrupaci\u00f3 Art\u00edstic Musical Carr\u00f2s de la Font d&#8217;en Carr\u00f2s organitza el concurs per aconseguir un nou logotip que renove el seu s\u00edmbol.<\/p>\n<p>OBJECTIUS.<\/p>\n<p>1. La participaci\u00f3 de les i dels artistes del Pa\u00eds Valenci\u00e0 en la creaci\u00f3 del nou logotip que ser\u00e0 la imatge identificativa de l\u2019agrupaci\u00f3.<\/p>\n<p>2. La difusi\u00f3 del logotip en cada activitat realitzada per l\u2019agrupaci\u00f3.<\/p>\n<p>BASES PER PARTICIPAR.<\/p>\n<p>1. Tindre m\u00e9s de 16 anys.<\/p>\n<p>2. En tots els treballs ha de constar el nom de l\u2019<span class=\"hiddenSpellError\">AAM<\/span> Carr\u00f2s\/ Agrupaci\u00f3 Art\u00edstic Musical Carr\u00f2s.<\/p>\n<p>3. Els dissenys han de ser originals i in\u00e8dits.<\/p>\n<p>4.Aquests no han d\u2019haver sigut mai premiats en un altre concurs art\u00edstic.<\/p>\n<p>5. Com ha de ser el logotip?<\/p>\n<p>\u2022 Element musical o instrumental.<\/p>\n<p>\u2022 Modern, avantguardista i sobri.<\/p>\n<p>\u2022 Integrar les lletres <span class=\"hiddenSpellError\">AAM<\/span> Carr\u00f2s amb el disseny ben identificades.<\/p>\n<p>6. El contingut del disseny hi ha de ser exclusivament musical.<\/p>\n<p>7. Els treballs en format f\u00edsic o digital han de tindre les mesures en paper <span class=\"hiddenSpellError\">DIN<\/span> <span class=\"hiddenSpellError\">A4<\/span>.<\/p>\n<p>8. La guanyadora o el guanyador del concurs, cediran a l\u2019Agrupaci\u00f3 <span class=\"hiddenSpellError\">Art\u00edstic Musical<\/span> Carr\u00f2s els drets de reproducci\u00f3, distribuci\u00f3 i comunicaci\u00f3 p\u00fablica sobre la imatge. La resta dels treballs realitzats no guanyadors es tornaran als seus respectius propietaris.<\/p>\n<p>9. L&#8217;Agrupaci\u00f3 Art\u00edstic Musical Carr\u00f2s es reserva el dret d\u2019anul\u00b7lar o declarar desert els premis en cas que el jurat considere que els projectes no reuneixen la qualitat desitjada.<\/p>\n<p>10. L&#8217;Agrupaci\u00f3 Art\u00edstic Musical Carr\u00f2s es reserva el dret de desqualificar aquells projectes que incomplisquen algun punt de les bases.<\/p>\n<p>11. Les dades de car\u00e0cter personal que les persones participants comuniquen a l\u2019Agrupaci\u00f3 Art\u00edstic Musical Carr\u00f2s per participar en aquesta convocat\u00f2ria seran tractades de conformitat amb el que estableix la Llei 15\/1999, de 13 de desembre, de protecci\u00f3 de dades de car\u00e0cter personal.<\/p>\n<p>12. La participaci\u00f3 en aquest concurs significa l&#8217;acceptaci\u00f3 de les bases \u00edntegres d&#8217;aquest.<\/p>\n<p>DOCUMENTS A PRESENTAR<\/p>\n<p>1. Sobre amb les dades personals.<\/p>\n<p>2. Fotocopia del DNI<span class=\"hiddenGrammarError\"> + <\/span>tel\u00e8fon personal.<\/p>\n<p>3. En cas de ser f\u00edsic incloure dins el disseny. En cas de ser digital enviar al correu<\/p>\n<p><span class=\"hiddenSpellError\">aamcarros@gmail<\/span>.com amb format<span class=\"hiddenGrammarError\"> .<\/span><span class=\"hiddenSpellError\">png<\/span>.<\/p>\n<p>BASES<\/p>\n<p>Concurs del Disseny del Nou Logotip de L\u2019Agrupaci\u00f3 Art\u00edstic Musical Carr\u00f2s<\/p>\n<p>LLOC DE PRESENTACI\u00d3 DEL TREBALL.<\/p>\n<p>Agrupaci\u00f3 Art\u00edstic-Musical Carr\u00f2s.<\/p>\n<p>Pla\u00e7a de l&#8217;Ajuntament, 4<\/p>\n<p>46717 LA FONT D&#8217;EN CARR\u00d2S (VAL\u00c8NCIA)<\/p>\n<p>SISTEMA DE VOTACI\u00d3.<\/p>\n<p>1. La valoraci\u00f3 dels treballs correspondr\u00e0 al Jurat que estar\u00e0 format pels membres de la junta directiva.<\/p>\n<p>2. El jurat valorar\u00e0 els treballs segons la seua originalitat, representativitat de la societat musical i avantguardisme.<\/p>\n<p>PREMI.<\/p>\n<p>1. El premi est\u00e0 dotat amb 300\u202f\u20ac.<\/p>\n<p>2. Tant els resultats, com la data de l&#8217;acte oficial del lliurament <span class=\"hiddenGrammarError\">dels premis<\/span> faran p\u00fablics a la web de l&#8217;Ajuntament<\/p>\n<p>www.lafontdencarros.es<\/p>\n<p>TERMINIS DEL CONCURS.<\/p>\n<p>-Presentaci\u00f3 de les obres.<\/p>\n<p>Des de la data de llan\u00e7ament fins al 30 de setembre.<\/p>\n<p>Deliberaci\u00f3 Del 14 al 21 d&#8217;octubre.<\/p>\n<p>CONSULTA.<\/p>\n<p>Per a qualsevol dubte i\/o incid\u00e8ncia al respecte el Concurs, podeu fer-la arribar al<\/p>\n<p>correu <span class=\"hiddenSpellError\">aamcarros@gmail<\/span>.com o al n\u00famero 691787043<\/p>\n<p>&nbsp;<\/p>\n","protected":false},"excerpt":{"rendered":"<p>El premi al millor logotip t\u00e9 una gratificaci\u00f3 econ\u00f2mica de 300 euros i la data de termini de presentaci\u00f3 dels treballs acaba el 30 de setembre del 2016.<\/p>\n","protected":false},"author":2,"featured_media":0,"comment_status":"closed","ping_status":"closed","sticky":false,"template":"","format":"standard","meta":{"footnotes":""},"categories":[10],"tags":[],"class_list":["post-1642","post","type-post","status-publish","format-standard","hentry","category-musica-a-la-llum"],"_links":{"self":[{"href":"https:\/\/fsmcv.org\/vl\/wp-json\/wp\/v2\/posts\/1642","targetHints":{"allow":["GET"]}}],"collection":[{"href":"https:\/\/fsmcv.org\/vl\/wp-json\/wp\/v2\/posts"}],"about":[{"href":"https:\/\/fsmcv.org\/vl\/wp-json\/wp\/v2\/types\/post"}],"author":[{"embeddable":true,"href":"https:\/\/fsmcv.org\/vl\/wp-json\/wp\/v2\/users\/2"}],"replies":[{"embeddable":true,"href":"https:\/\/fsmcv.org\/vl\/wp-json\/wp\/v2\/comments?post=1642"}],"version-history":[{"count":0,"href":"https:\/\/fsmcv.org\/vl\/wp-json\/wp\/v2\/posts\/1642\/revisions"}],"wp:attachment":[{"href":"https:\/\/fsmcv.org\/vl\/wp-json\/wp\/v2\/media?parent=1642"}],"wp:term":[{"taxonomy":"category","embeddable":true,"href":"https:\/\/fsmcv.org\/vl\/wp-json\/wp\/v2\/categories?post=1642"},{"taxonomy":"post_tag","embeddable":true,"href":"https:\/\/fsmcv.org\/vl\/wp-json\/wp\/v2\/tags?post=1642"}],"curies":[{"name":"wp","href":"https:\/\/api.w.org\/{rel}","templated":true}]}}