{"id":1645,"date":"2016-05-25T10:59:13","date_gmt":"2016-05-25T08:59:13","guid":{"rendered":"http:\/\/fsmcv.org\/?post_type=fsmcv-noticias&#038;p=1645"},"modified":"2020-09-27T18:18:43","modified_gmt":"2020-09-27T18:18:43","slug":"celebracio-del-ii-dia-de-la-musica-a-teuladaperque-la-musica-alimenta-la-nostra-anima","status":"publish","type":"post","link":"https:\/\/fsmcv.org\/vl\/noticies-campanyes\/musica-a-la-llum\/celebracio-del-ii-dia-de-la-musica-a-teuladaperque-la-musica-alimenta-la-nostra-anima\/","title":{"rendered":"Celebraci\u00f3 del II Dia de la M\u00fasica a Teulada:&#8221;Perqu\u00e8 la m\u00fasica alimenta la nostra \u00e0nima&#8221;"},"content":{"rendered":"<p class=\"texto\"><span class=\"texto\">Teulada, 25 de maig de 2016<br \/>\n<\/span><\/p>\n<p><span class=\"texto\">El poble de Teulada el passat 22 de maig es va omplir de m\u00fasica a trav\u00e9s de les seues bandes, danses, confer\u00e8ncies i grups musicals. En el II Dia de la M\u00fasica.<\/span><\/p>\n<p>Aquest diumenge va ser el dia de la M\u00fasica a Teulada. L&#8217;Agrupaci\u00f3 Musical Cultural de Teulada va celebrar el passat cap de setmana, junt les agrupacions culturals del municipi, el II Dia de la M\u00fasica a Teulada:&#8221;Perqu\u00e8 la m\u00fasica alimenta la nostra \u00e0nima&#8221;. Diverses associacions culturals i musicals del municipi van participar en aquest gran dia, oferint activitats per a tots els p\u00fablics a cada rac\u00f3 de Teulada. La protagonista: la m\u00fasica.<\/p>\n<p>Aix\u00ed, el dia dedicat a la musica comen\u00e7ava a les 10h del mat\u00ed amb un concert en la <span class=\"hiddenGrammarError\">Pla\u00e7a<\/span> d&#8217;Espanya del Grup de metalls del Conservatori. Seguit del Cant Jove i Grup de <span class=\"hiddenSpellError\">Dances<\/span> Font Santa.<\/p>\n<p>A les 11.15\u202fh l&#8217;Associaci\u00f3 de M\u00fasics Professional (<span class=\"hiddenSpellError\">AMUP<\/span>) omplia de m\u00fasica la <span class=\"hiddenGrammarError\">Pla\u00e7a<\/span> dels Porxos.<\/p>\n<p>Una hora m\u00e9s tard la cita era en l&#8217;Ermita de Sant Vicent Ferrer amb l&#8217;<span class=\"hiddenSpellError\">AMUP<\/span> <span class=\"hiddenSpellError\">Dixie<\/span> <span class=\"hiddenSpellError\">Band<\/span> i Grup de ball <span class=\"hiddenSpellError\">Spirit<\/span> de <span class=\"hiddenGrammarError\">St<\/span> <span class=\"hiddenSpellError\">Louis<\/span>-La Marina <span class=\"hiddenSpellError\">Dixie<\/span> Hop.<\/p>\n<p>Es va tancar el mat\u00ed amb la confer\u00e8ncia a c\u00e0rrec de Rafael <span class=\"hiddenSpellError\">Pascual<\/span> <span class=\"hiddenSpellError\">Alfonso<\/span>, al sal\u00f3 d&#8217;actes de l&#8217;Ajuntament.<\/p>\n<p>A la vesprada, els carrers de Teulada es van comen\u00e7ar a omplir de m\u00fasica a partir de les <span class=\"hiddenGrammarError\">17,15h<\/span> amb Batucada. I les veus del Cor La <span class=\"hiddenSpellError\">Senieta<\/span> i Coral <span class=\"hiddenSpellError\">Teuladina<\/span> van amenitzar la vesprada en la <span class=\"hiddenGrammarError\">Pla\u00e7a<\/span> d&#8217;Espanya.<\/p>\n<p>A les set, els amants de la percussi\u00f3 van poder gaudir del grup <span class=\"hiddenSpellError\">AMCT<\/span>, al sal\u00f3 d&#8217;actes de l&#8217;Ajuntament.<\/p>\n<p>En la <span class=\"hiddenGrammarError\">Pla\u00e7a<\/span> de l&#8217;Ajuntament, la Colla El Falc\u00f3 i el Grup de Danses posava color a <span class=\"hiddenGreenError\">este<\/span> gran <span class=\"hiddenSpellError\">d\u00eda<\/span> dedicat a la <span class=\"hiddenGreenError\">musica<\/span>.<\/p>\n<p>I com a fermall final, concert de l&#8217;Agrupaci\u00f3 Musical Cultural de Teulada.<\/p>\n<p>L&#8217;acte de clausura va estar a c\u00e0rrec de &#8220;<span class=\"hiddenSpellError\">Carmina<\/span> <span class=\"hiddenSpellError\">Burana<\/span>&#8220;, actuaci\u00f3 dedicada a totes les associacions culturals i musicals que van participar.<\/p>\n<p>Com diuen els habitants de Teulada, &#8220;no es podria viure sense la m\u00fasica&#8221;<\/p>\n<p>&nbsp;<\/p>\n","protected":false},"excerpt":{"rendered":"<p>El poble de Teulada el passat 22 de maig es va omplir de m\u00fasica a trav\u00e9s de les seues bandes, danses, confer\u00e8ncies i grups musicals<\/p>\n","protected":false},"author":2,"featured_media":0,"comment_status":"closed","ping_status":"closed","sticky":false,"template":"","format":"standard","meta":{"footnotes":""},"categories":[10],"tags":[],"class_list":["post-1645","post","type-post","status-publish","format-standard","hentry","category-musica-a-la-llum"],"_links":{"self":[{"href":"https:\/\/fsmcv.org\/vl\/wp-json\/wp\/v2\/posts\/1645","targetHints":{"allow":["GET"]}}],"collection":[{"href":"https:\/\/fsmcv.org\/vl\/wp-json\/wp\/v2\/posts"}],"about":[{"href":"https:\/\/fsmcv.org\/vl\/wp-json\/wp\/v2\/types\/post"}],"author":[{"embeddable":true,"href":"https:\/\/fsmcv.org\/vl\/wp-json\/wp\/v2\/users\/2"}],"replies":[{"embeddable":true,"href":"https:\/\/fsmcv.org\/vl\/wp-json\/wp\/v2\/comments?post=1645"}],"version-history":[{"count":0,"href":"https:\/\/fsmcv.org\/vl\/wp-json\/wp\/v2\/posts\/1645\/revisions"}],"wp:attachment":[{"href":"https:\/\/fsmcv.org\/vl\/wp-json\/wp\/v2\/media?parent=1645"}],"wp:term":[{"taxonomy":"category","embeddable":true,"href":"https:\/\/fsmcv.org\/vl\/wp-json\/wp\/v2\/categories?post=1645"},{"taxonomy":"post_tag","embeddable":true,"href":"https:\/\/fsmcv.org\/vl\/wp-json\/wp\/v2\/tags?post=1645"}],"curies":[{"name":"wp","href":"https:\/\/api.w.org\/{rel}","templated":true}]}}