{"id":1648,"date":"2016-05-20T11:00:48","date_gmt":"2016-05-20T09:00:48","guid":{"rendered":"http:\/\/fsmcv.org\/?post_type=fsmcv-noticias&#038;p=1648"},"modified":"2020-09-27T18:18:48","modified_gmt":"2020-09-27T18:18:48","slug":"concert-de-lagrupacio-musical-ontinyent-dins-la-campana-retrobem-la-nostra-musica-de-la-diputacio-de-valencia","status":"publish","type":"post","link":"https:\/\/fsmcv.org\/vl\/noticies-campanyes\/musica-a-la-llum\/concert-de-lagrupacio-musical-ontinyent-dins-la-campana-retrobem-la-nostra-musica-de-la-diputacio-de-valencia\/","title":{"rendered":"Concert de l&#8217;Agrupaci\u00f3 Musical Ontinyent dins la campa\u00f1a \u201cRetrobem la nostra m\u00fasica\u201d de la Diputaci\u00f3 de Val\u00e8ncia"},"content":{"rendered":"<p class=\"texto\"><span class=\"texto\">Ontinyent, 20 de maig de 2016<br \/>\n<\/span><\/p>\n<p><span class=\"texto\">Aquest divendres 20 de maig l&#8217;Agrupaci\u00f3 Musical Ontinyent celebrar\u00e0 el concert del \u201cRetrobem la nostra m\u00fasica\u201d organitzat per l&#8217;\u00e0rea de Cultura de la Diputaci\u00f3 de Val\u00e8ncia. A m\u00e9s, la Banda compleix enguany vint anys.<\/span><\/p>\n<p>L&#8217;<span class=\"hiddenSpellError\">Agrupaci\u00f3n<\/span> Musical Ontinyent celebra aquesta nit el concert &#8220;Retrobem la nostra m\u00fasica&#8221; i com marquen les normes del \u201cRetrobem\u201d les peces interpretades seran \u00fanicament compostes per autors valencians.<\/p>\n<p>Al concert podrem escoltar:<\/p>\n<p>&#8220;Raps\u00f2dia valenciana&#8221; de Salvador <span class=\"hiddenSpellError\">Giner<\/span>,<\/p>\n<p>&#8220;Aurora&#8221; de <span class=\"hiddenSpellError\">Jose<\/span> Manuel <span class=\"hiddenSpellError\">Izquierdo<\/span>,<\/p>\n<p><span class=\"hiddenSpellError\">&#8220;Danza<\/span> Oriental&#8221; de <span class=\"hiddenSpellError\">Jose<\/span> Manuel <span class=\"hiddenSpellError\">Izquierdo<\/span><\/p>\n<p><span class=\"hiddenSpellError\">&#8220;Vilasilvana&#8221;<\/span> de <span class=\"hiddenSpellError\">Sa\u00fcl<\/span> G\u00f3mez Soler<\/p>\n<p><span class=\"hiddenSpellError\">&#8220;Viaje<\/span> al <span class=\"hiddenSpellError\">Centro<\/span> de la <span class=\"hiddenSpellError\">tierra&#8221;<\/span>, de <span class=\"hiddenSpellError\">Vicente<\/span> Gabriel Casanova (Estrena absoluta<span class=\"hiddenGrammarError\">)<\/span><\/p>\n<p>Aquesta \u00faltima composici\u00f3 \u00e9s el projecte de final de Carrera de <span class=\"hiddenSpellError\">Vicente<\/span> <span class=\"hiddenSpellError\">Grabiel<\/span> i es va gravar per l&#8217;Agrupaci\u00f3 Musical Ontinyent fa uns dies al mateix local de la banda.<\/p>\n<p>I finalment \u201cRac\u00f3 de l&#8217;or\u201d de Sa\u00fcl G\u00f3mez Soler.<\/p>\n<p>El concert ser\u00e0 a les <span class=\"hiddenGrammarError\">22:30\u202fh<\/span> a la Sala Gomis i l&#8217;entrada ser\u00e0 lliure.<\/p>\n<p>L&#8217;Agrupaci\u00f3 Musical Ontinyent convida a tots els amants de la m\u00fasica a anar &#8220;i gaudir d&#8217;una nit de m\u00fasica de bona qualitat i a m\u00e9s celebrar els vint anys que compleix enguany la banda&#8221;.<\/p>\n<p>&nbsp;<\/p>\n","protected":false},"excerpt":{"rendered":"<p>Aquest divendres 20 de maig l&#8217;Agrupaci\u00f3 Musical Ontinyent celebrar\u00e0 el concert del \u201cRetrobem la nostra m\u00fasica\u201d organitzat per l&#8217;\u00e0rea de cultura de la diputaci\u00f3 de Val\u00e8ncia. A m\u00e9s, la Banda compleix enguany cinc anys<\/p>\n","protected":false},"author":2,"featured_media":0,"comment_status":"closed","ping_status":"closed","sticky":false,"template":"","format":"standard","meta":{"footnotes":""},"categories":[10],"tags":[],"class_list":["post-1648","post","type-post","status-publish","format-standard","hentry","category-musica-a-la-llum"],"_links":{"self":[{"href":"https:\/\/fsmcv.org\/vl\/wp-json\/wp\/v2\/posts\/1648","targetHints":{"allow":["GET"]}}],"collection":[{"href":"https:\/\/fsmcv.org\/vl\/wp-json\/wp\/v2\/posts"}],"about":[{"href":"https:\/\/fsmcv.org\/vl\/wp-json\/wp\/v2\/types\/post"}],"author":[{"embeddable":true,"href":"https:\/\/fsmcv.org\/vl\/wp-json\/wp\/v2\/users\/2"}],"replies":[{"embeddable":true,"href":"https:\/\/fsmcv.org\/vl\/wp-json\/wp\/v2\/comments?post=1648"}],"version-history":[{"count":0,"href":"https:\/\/fsmcv.org\/vl\/wp-json\/wp\/v2\/posts\/1648\/revisions"}],"wp:attachment":[{"href":"https:\/\/fsmcv.org\/vl\/wp-json\/wp\/v2\/media?parent=1648"}],"wp:term":[{"taxonomy":"category","embeddable":true,"href":"https:\/\/fsmcv.org\/vl\/wp-json\/wp\/v2\/categories?post=1648"},{"taxonomy":"post_tag","embeddable":true,"href":"https:\/\/fsmcv.org\/vl\/wp-json\/wp\/v2\/tags?post=1648"}],"curies":[{"name":"wp","href":"https:\/\/api.w.org\/{rel}","templated":true}]}}