{"id":1654,"date":"2016-05-20T11:04:25","date_gmt":"2016-05-20T09:04:25","guid":{"rendered":"http:\/\/fsmcv.org\/?post_type=fsmcv-noticias&#038;p=1654"},"modified":"2020-09-27T18:19:04","modified_gmt":"2020-09-27T18:19:04","slug":"concert-a-las-cigarreras-de-lensemble-de-clarinets-i-la-big-band-de-lharmonia-dalacant","status":"publish","type":"post","link":"https:\/\/fsmcv.org\/vl\/noticies-campanyes\/musica-a-la-llum\/concert-a-las-cigarreras-de-lensemble-de-clarinets-i-la-big-band-de-lharmonia-dalacant\/","title":{"rendered":"Concert a Las Cigarreras de l&#8217;Ensemble de clarinets i la Big Band de L&#8217;Harmonia d&#8217;Alacant"},"content":{"rendered":"<p>Alacant, 20 de maig de 2016<\/p>\n<p>El 22 de maig, a les 12 del mat\u00ed, tindr\u00e0 lloc en el Centre Cultural Les Cigarreras el primer concert dels tres programats per a tancar el curs 2015-2016. En aquesta ocasi\u00f3, actuaran l&#8217;Ensemble de Clarinets, dirigit per Daniel Lloret Andreo, i la Big Band, sota la batuta d&#8217;Aitor Escorza Ripoll. L&#8217;entrada \u00e9s lliure fins a completar l&#8217;aforament.<\/p>\n<p>Els pr\u00f2xims concerts de L&#8217;Harmonia seran: el 5 de juny a les 12, la banda titular dins del programa de &#8220;M\u00fasica les Pobles&#8221; de la Diputaci\u00f3 Provincial, i l&#8217;11 de juny a les 18, la banda infantil i L&#8217;Harmonia Jove. Tots dos en Las Cigarreras.<\/p>\n<p><b>PROGRAMA 22 de maig:<\/b><\/p>\n<p><b>ENSEMBLE DE CLARINETES<\/b><\/p>\n<p>The Easy Winners&#8230;&#8230; Scott Joplin. Arr. W. Reiner<\/p>\n<p>Pur ti miro (D\u00fao de L&#8217; Incoronazione di Popea)&#8230;&#8230; C. Monteverdi. Arr. Daniel Lloret<\/p>\n<p>Variazione in blue&#8230;.. Jacob de Haan Arr. Etxebe<\/p>\n<p>Can you feel the love tonight (Tema de &#8220;El Rey Leon&#8221;)&#8230;.. Elton John. Arr. Daniel Lloret<\/p>\n<p>Morricone in clarinet&#8230;.. Ennio Morricone. Arr. Daniel Lloret<\/p>\n<p>Piratas del Caribe 3: En el fin del mundo&#8230;.. Hans Zimmer. Arr. Juan Antonio P\u00e9rez<\/p>\n<p>&nbsp;<\/p>\n<p><b>BIG BAND:<\/b><\/p>\n<p>The American Patrol&#8230;.. F. W. Meacham. Arr. Paul Lavender<\/p>\n<p>Nuages&#8230;.. D. Reinhardt. Arr. Sonia Garc\u00eda<\/p>\n<p>Cantina Band (de &#8220;Star Wars&#8221;)&#8230;.. John Williams. Arr. Tony Gu<\/p>\n<p>Night Train&#8230;.. Oscar Washington. Arr. Jerry<\/p>\n<p>Nowak Maple Leaf Rag &#8230;..S. Joplin. Arr. Sonia Garc\u00eda<\/p>\n<p>April in Paris&#8230;.. Vernon Duke. Arr. Dave Barduhn<\/p>\n","protected":false},"excerpt":{"rendered":"<p>El 22 de maig, a les 12 del mat\u00ed, tindr\u00e0 lloc en el Centre Cultural Les Cigarreras<\/p>\n","protected":false},"author":2,"featured_media":0,"comment_status":"closed","ping_status":"closed","sticky":false,"template":"","format":"standard","meta":{"footnotes":""},"categories":[10],"tags":[],"class_list":["post-1654","post","type-post","status-publish","format-standard","hentry","category-musica-a-la-llum"],"_links":{"self":[{"href":"https:\/\/fsmcv.org\/vl\/wp-json\/wp\/v2\/posts\/1654","targetHints":{"allow":["GET"]}}],"collection":[{"href":"https:\/\/fsmcv.org\/vl\/wp-json\/wp\/v2\/posts"}],"about":[{"href":"https:\/\/fsmcv.org\/vl\/wp-json\/wp\/v2\/types\/post"}],"author":[{"embeddable":true,"href":"https:\/\/fsmcv.org\/vl\/wp-json\/wp\/v2\/users\/2"}],"replies":[{"embeddable":true,"href":"https:\/\/fsmcv.org\/vl\/wp-json\/wp\/v2\/comments?post=1654"}],"version-history":[{"count":0,"href":"https:\/\/fsmcv.org\/vl\/wp-json\/wp\/v2\/posts\/1654\/revisions"}],"wp:attachment":[{"href":"https:\/\/fsmcv.org\/vl\/wp-json\/wp\/v2\/media?parent=1654"}],"wp:term":[{"taxonomy":"category","embeddable":true,"href":"https:\/\/fsmcv.org\/vl\/wp-json\/wp\/v2\/categories?post=1654"},{"taxonomy":"post_tag","embeddable":true,"href":"https:\/\/fsmcv.org\/vl\/wp-json\/wp\/v2\/tags?post=1654"}],"curies":[{"name":"wp","href":"https:\/\/api.w.org\/{rel}","templated":true}]}}