{"id":1657,"date":"2016-05-19T11:05:54","date_gmt":"2016-05-19T09:05:54","guid":{"rendered":"http:\/\/fsmcv.org\/?post_type=fsmcv-noticias&#038;p=1657"},"modified":"2020-09-27T18:19:11","modified_gmt":"2020-09-27T18:19:11","slug":"la-banda-de-benicarlo-aconsegueix-el-primer-premi-a-la-festa-de-moros-i-cristians-a-lleida","status":"publish","type":"post","link":"https:\/\/fsmcv.org\/vl\/noticies-campanyes\/musica-a-la-llum\/la-banda-de-benicarlo-aconsegueix-el-primer-premi-a-la-festa-de-moros-i-cristians-a-lleida\/","title":{"rendered":"La Banda de Benicarl\u00f3 aconsegueix el primer premi a la festa de Moros i Cristians a Lleida"},"content":{"rendered":"<p class=\"texto\"><span class=\"texto\">Benicarl\u00f3, 19 de mayo de 2016<br \/>\n<\/span><\/p>\n<p><span class=\"texto\">El passat diumenge la Banda de l&#8217;Associaci\u00f3 Musical &#8220;Ciutat de Benicarl\u00f3&#8221; es va traslladar fins a la ciutat de Lleida per participar de la festa de Moros i Cristians que <span class=\"hiddenGreenError\">es<\/span> celebra en aquesta ciutat des de fa uns anys.<br \/>\n<\/span><\/p>\n<p>Al mat\u00ed en la desfilada i entrada a la pla\u00e7a acompanyant les diferents comparses, la Banda de Benicarl\u00f3 va aconseguir al\u00e7ar-se amb el 1r Premi que concedeix l&#8217;associaci\u00f3 organitzadora de la festa per la seua original escenificaci\u00f3 i una acurada interpretaci\u00f3 de la marxa mora Al\u00ed-<span class=\"hiddenSpellError\">kimael<\/span> acompanyant a la comparsa mora dels Al-<span class=\"hiddenSpellError\">lerid\u00eds<\/span>. Per finalitzar, totes les bandes participants de forma conjunta interpretaren la marxa mora <span class=\"hiddenSpellError\">Chimo<\/span> que va ser dirigida pel director benicarlando <span class=\"hiddenSpellError\">Pablo<\/span> Angl\u00e9s amb motiu del merescut guard\u00f3.<\/p>\n<p>A la vesprada, i despr\u00e9s d&#8217;un dinar de germanor entre les comparses i els m\u00fasics de les diferents bandes, la jornada festiva donava el tret final amb una gran i vistosa desfilada de les comparses les quals van mostrar i lluir les seues millors gales.<\/p>\n<p>I Trobada de Corals Infantils organitzat per l&#8217;Associaci\u00f3 Musical &#8220;Ciutat de Benicarl\u00f3&#8221;<\/p>\n<p>Per\u00f2 l&#8217;activitat de l&#8217;Associaci\u00f3 Musical &#8220;Ciutat de Benicarl\u00f3&#8221; no es queda ac\u00ed. El dissabte 14 de maig, el claustre del MUCBE va rebre la visita de diferents corals infantils de la comarca en la I Trobada de Corals Infantils organitzat per l&#8217;Associaci\u00f3.<\/p>\n<p>En aquesta ocasi\u00f3 van actuar com convidats: el Cor de Veus Blanques de Xert, la Coral Infantil Miseric\u00f2rdia de Vinar\u00f2s i com a amfitrions, el Cor de l&#8217;Escola de M\u00fasica de l&#8217;AMCB.<\/p>\n<p>Els tres cors, en la seua actuaci\u00f3 dirigits respectivament per Santiago Romero, Susana P\u00e9rez i Clara Ruiz, van oferir uns variats i exigents repertoris que van gaudir de nombrosos aplaudiments per part del p\u00fablic assistent finalitzant amb una obra conjunta i uns moments de germanor i companyonia al local de l&#8217;entitat organitzadora.<\/p>\n<p>Proxim concert de la Banda<\/p>\n<p>La propera actuaci\u00f3 de la banda de Benicarl\u00f3\u00a0 tindr\u00e0 lloc el diumenge 29 de maig a les 12h a l&#8217;Auditori. \u00c9s una actuaci\u00f3 dirigida sobretot als m\u00e9s menuts, ja que es podr\u00e0 gaudir del Hombre Verbena amb el seu espectacle &#8220;Postres de m\u00fasic&#8221;. Una combinaci\u00f3 de m\u00fasica de la nostra banda i humor per passar una divertida jornada<\/p>\n<p>&nbsp;<\/p>\n","protected":false},"excerpt":{"rendered":"<p>El passat diumenge la Banda de l&#8217;Associaci\u00f3 Musical &#8220;Ciutat de Benicarl\u00f3&#8221; es va traslladar fins a la ciutat de Lleida per participar de la festa de Moros i Cristians que es celebra en aquesta ciutat des de fa uns anys<\/p>\n","protected":false},"author":2,"featured_media":0,"comment_status":"closed","ping_status":"closed","sticky":false,"template":"","format":"standard","meta":{"footnotes":""},"categories":[10],"tags":[],"class_list":["post-1657","post","type-post","status-publish","format-standard","hentry","category-musica-a-la-llum"],"_links":{"self":[{"href":"https:\/\/fsmcv.org\/vl\/wp-json\/wp\/v2\/posts\/1657","targetHints":{"allow":["GET"]}}],"collection":[{"href":"https:\/\/fsmcv.org\/vl\/wp-json\/wp\/v2\/posts"}],"about":[{"href":"https:\/\/fsmcv.org\/vl\/wp-json\/wp\/v2\/types\/post"}],"author":[{"embeddable":true,"href":"https:\/\/fsmcv.org\/vl\/wp-json\/wp\/v2\/users\/2"}],"replies":[{"embeddable":true,"href":"https:\/\/fsmcv.org\/vl\/wp-json\/wp\/v2\/comments?post=1657"}],"version-history":[{"count":0,"href":"https:\/\/fsmcv.org\/vl\/wp-json\/wp\/v2\/posts\/1657\/revisions"}],"wp:attachment":[{"href":"https:\/\/fsmcv.org\/vl\/wp-json\/wp\/v2\/media?parent=1657"}],"wp:term":[{"taxonomy":"category","embeddable":true,"href":"https:\/\/fsmcv.org\/vl\/wp-json\/wp\/v2\/categories?post=1657"},{"taxonomy":"post_tag","embeddable":true,"href":"https:\/\/fsmcv.org\/vl\/wp-json\/wp\/v2\/tags?post=1657"}],"curies":[{"name":"wp","href":"https:\/\/api.w.org\/{rel}","templated":true}]}}