{"id":1688,"date":"2016-05-12T11:31:35","date_gmt":"2016-05-12T09:31:35","guid":{"rendered":"http:\/\/fsmcv.org\/?post_type=fsmcv-noticias&#038;p=1688"},"modified":"2020-09-27T18:20:24","modified_gmt":"2020-09-27T18:20:24","slug":"musica-i-vi-la-combinacio-perfecta-per-a-aquest-dissabte-a-cullera","status":"publish","type":"post","link":"https:\/\/fsmcv.org\/vl\/noticies-campanyes\/musica-a-la-llum\/musica-i-vi-la-combinacio-perfecta-per-a-aquest-dissabte-a-cullera\/","title":{"rendered":"M\u00fasica i Vi: la combinaci\u00f3 perfecta per a aquest dissabte a Cullera"},"content":{"rendered":"<p><span class=\"texto\">Cullera, 12 de maig de 2016<br \/>\nLa Banda Simf\u00f2nica de Cullera estrena la simfonia de David Penad\u00e9s Fasanar \u201cCeller del Roure\u201d -un dels cellers valencians m\u00e9s carism\u00e0tiques- sota la batuta d&#8217;un dels directors i compositors actuals amb m\u00e9s projecci\u00f3 internacional, Ferrer Ferran. Una cita ineludible per al gaudir dels sentits.<br \/>\nDos grans plaers -m\u00fasica i vi- es donaran una cita aquest dissabte, quan la Banda Simf\u00f2nica de l&#8217;Ateneu de Cullera interprete per primera vegada la Simfonia \u201cCeller del Roure\u201d de David Penad\u00e9s Fasanar. Ser\u00e0 a les 19,30 hores en l&#8217;Auditori Municipal d&#8217;aquesta localitat valenciana.<br \/>\nEl jove compositor, David Penad\u00e9s Fasanar, natural de Canals, \u00e9s tamb\u00e9 director i posseeix un dilatat curriculum tant a nivell de formaci\u00f3 com a molts reconeixements i premis a nivell nacional i internacional, sent aix\u00ed un dels referents del panorama de la m\u00fasica valenciana actual.<br \/>\nPenad\u00e9s brinda homenatge, amb aquesta simfonia en quatre moviments, als quatre vins m\u00e9s prestigiosos del celler de Moixent, Celler del Roure: Els Alcusses, Maduresa, Cullerot i Parotet. Celler del Roure \u00e9s un celler de car\u00e0cter familiar, situada a Moixent en la zona coneguda com La Toscana Valenciana, per la seua bellesa paisatg\u00edstica i la qualitat dels seus vins.<br \/>\nLa Banda Simf\u00f2nica de l&#8217;Ateneu Musical de Cullera est\u00e0 considerada una de les millors d&#8217;Espanya en la categoria de vent. Aquesta entitat musical, que porta \u201cmes de 100 anys fent m\u00fasica\u201d com diu el seu esl\u00f2gan, alberga tamb\u00e9 orquestra simf\u00f2nica, banda jove i cor.<br \/>\nLa Simf\u00f2nica de Cullera interpretar\u00e0 en el concert del dissabte altres obres -totes de compositors valencians- sota la batuta de Ferrer Ferran, recentment incorporat com a director titular a la formaci\u00f3 band\u00edstica cullerense. Ferrer Ferran \u00e9s un dels professionals del sector amb m\u00e9s projecci\u00f3 actualment. A m\u00e9s de la seua llarga traject\u00f2ria com a director d&#8217;orquestres, \u00e9s Catedr\u00e0tic de Composici\u00f3 del Conservatori Superior \u201cSalvador Segu\u00ed\u201d de Castell\u00f3 i es va llicenciar en Direcci\u00f3 d&#8217;Orquestra de Vents i Composici\u00f3 per la \u201cRoyal Schools of Music\u201d de Londres.<\/span><\/p>\n","protected":false},"excerpt":{"rendered":"<p>La Banda Simf\u00f2nica de Cullera estrena la simfonia de David Penad\u00e9s Fasanar \u201cCeller del Roure\u201d -un dels cellers valencians m\u00e9s carism\u00e0tiques<\/p>\n","protected":false},"author":2,"featured_media":0,"comment_status":"closed","ping_status":"closed","sticky":false,"template":"","format":"standard","meta":{"footnotes":""},"categories":[10],"tags":[],"class_list":["post-1688","post","type-post","status-publish","format-standard","hentry","category-musica-a-la-llum"],"_links":{"self":[{"href":"https:\/\/fsmcv.org\/vl\/wp-json\/wp\/v2\/posts\/1688","targetHints":{"allow":["GET"]}}],"collection":[{"href":"https:\/\/fsmcv.org\/vl\/wp-json\/wp\/v2\/posts"}],"about":[{"href":"https:\/\/fsmcv.org\/vl\/wp-json\/wp\/v2\/types\/post"}],"author":[{"embeddable":true,"href":"https:\/\/fsmcv.org\/vl\/wp-json\/wp\/v2\/users\/2"}],"replies":[{"embeddable":true,"href":"https:\/\/fsmcv.org\/vl\/wp-json\/wp\/v2\/comments?post=1688"}],"version-history":[{"count":0,"href":"https:\/\/fsmcv.org\/vl\/wp-json\/wp\/v2\/posts\/1688\/revisions"}],"wp:attachment":[{"href":"https:\/\/fsmcv.org\/vl\/wp-json\/wp\/v2\/media?parent=1688"}],"wp:term":[{"taxonomy":"category","embeddable":true,"href":"https:\/\/fsmcv.org\/vl\/wp-json\/wp\/v2\/categories?post=1688"},{"taxonomy":"post_tag","embeddable":true,"href":"https:\/\/fsmcv.org\/vl\/wp-json\/wp\/v2\/tags?post=1688"}],"curies":[{"name":"wp","href":"https:\/\/api.w.org\/{rel}","templated":true}]}}