{"id":1746,"date":"2016-04-29T12:18:42","date_gmt":"2016-04-29T10:18:42","guid":{"rendered":"http:\/\/fsmcv.org\/?post_type=fsmcv-noticias&#038;p=1746"},"modified":"2020-09-27T18:24:19","modified_gmt":"2020-09-27T18:24:19","slug":"la-sm-dalboraia-interpreta-el-requiem-de-mozart-acompanyada-per-solistes-i-cor-del-col%c2%b7legi-dadvocats-de-valencia","status":"publish","type":"post","link":"https:\/\/fsmcv.org\/vl\/noticies-campanyes\/musica-a-la-llum\/la-sm-dalboraia-interpreta-el-requiem-de-mozart-acompanyada-per-solistes-i-cor-del-col%c2%b7legi-dadvocats-de-valencia\/","title":{"rendered":"La SM d&#8217;Alboraia interpreta el Requiem de Mozart, acompanyada per solistes i cor del Col\u00b7legi d&#8217;Advocats de Val\u00e8ncia"},"content":{"rendered":"<p><span class=\"texto\">Al juliol de 1791 Mozart va rebre de forma an\u00f2nima l&#8217;enc\u00e0rrec del comte Walsegg-Stuppach per a la composici\u00f3 d&#8217;un R\u00e8quiem. La mort va sobrevenir a Mozart abans que poguera acabar l&#8217;enc\u00e0rrec. Aquest fet i la sensaci\u00f3 del propi Mozart d&#8217;estar escrivint el seu propi Requiem han convertit a aquesta obra en una llegenda de la hist\u00f2ria de la m\u00fasica.<\/span><\/p>\n<p>L&#8217;Orquestra de la Societat Musical d\u2019Alboraia torna a recrear aquesta m\u00fasica immortal mat\u00ed 30 d&#8217;abril i tamb\u00e9, de nou, el 7 de maig.<\/p>\n<p>El primer concert tindr\u00e0 lloc en l&#8217;Esgl\u00e9sia de La nostra Senyora de l&#8217;Asunci\u00f3n d&#8217;Alboraia, mentre que el segon se celebrar\u00e0 en l&#8217;Esgl\u00e9sia de Sant Mart\u00edn de Val\u00e8ncia. Tots dos son marcs incomparables per a interpretar aquest cim del m\u00e9s gran compositor de la hist\u00f2ria. En els dos casos, a m\u00e9s de l&#8217;orquestra es comptar\u00e0 amb destacats solistes i amb la participaci\u00f3 del Cor de l&#8217;Il\u00b7lustre Col\u00b7legi d&#8217;Advocats de Val\u00e8ncia. Els directors seran Francisco Jos\u00e9 Valero i Gonzalo Luque. A m\u00e9s del Requiem (del que s&#8217;exclouran aquells nombres no compostos per Mozart) s&#8217;interpretaran fragments d&#8217;obres de Bach i Mozart.<\/p>\n<p>Programa:<\/p>\n<p>Primera part<\/p>\n<p>\u2022 J.S. Bach &#8211; Ricercare a 3 (Ofrenda Musical)<\/p>\n<p>\u2022 W.A. Mozart &#8211; Laudate Dominum (Vesperae solennes de confessore)<br \/>\nSegona partr:<\/p>\n<p>\u2022 Wolfgang Amadeus Mozart &#8211; Requiem KV626 o Introitus &#8211; Kyrie &#8211; Dies Irae &#8211; Tuba Mirum &#8211; Rex Tremendae &#8211; Confutatis &#8211; Lacrimosa &#8211; Domine Jesu &#8211; Hostias &#8211; Lux Aeterna<br \/>\nInt\u00e8rprets:<\/p>\n<p>\u2022 Marta Dalmau, Soprano<\/p>\n<p>\u2022 M\u00f3nica Cebri\u00e1n, Mezzosoprano<\/p>\n<p>\u2022 Alejandro D\u00edaz, Tenor<\/p>\n<p>\u2022 David Cervera, Bajo<\/p>\n<p>Coro Lex et Gaudium del Ilustre Colegio de Abogados de Valencia<\/p>\n<p>&nbsp;<\/p>\n","protected":false},"excerpt":{"rendered":"<p>\u00c9s dem\u00e0 dissabte 30 d&#8217;abril, a les 21.30 hores, en l&#8217;Esgl\u00e9sia Parroquial d&#8217;Alboraia l&#8217;Orquestra de Corda de la SM d&#8217;Alboraia i es repetir\u00e0 a Val\u00e8ncia, de nou, el 7 de maig<\/p>\n","protected":false},"author":2,"featured_media":0,"comment_status":"closed","ping_status":"closed","sticky":false,"template":"","format":"standard","meta":{"footnotes":""},"categories":[10],"tags":[],"class_list":["post-1746","post","type-post","status-publish","format-standard","hentry","category-musica-a-la-llum"],"_links":{"self":[{"href":"https:\/\/fsmcv.org\/vl\/wp-json\/wp\/v2\/posts\/1746","targetHints":{"allow":["GET"]}}],"collection":[{"href":"https:\/\/fsmcv.org\/vl\/wp-json\/wp\/v2\/posts"}],"about":[{"href":"https:\/\/fsmcv.org\/vl\/wp-json\/wp\/v2\/types\/post"}],"author":[{"embeddable":true,"href":"https:\/\/fsmcv.org\/vl\/wp-json\/wp\/v2\/users\/2"}],"replies":[{"embeddable":true,"href":"https:\/\/fsmcv.org\/vl\/wp-json\/wp\/v2\/comments?post=1746"}],"version-history":[{"count":0,"href":"https:\/\/fsmcv.org\/vl\/wp-json\/wp\/v2\/posts\/1746\/revisions"}],"wp:attachment":[{"href":"https:\/\/fsmcv.org\/vl\/wp-json\/wp\/v2\/media?parent=1746"}],"wp:term":[{"taxonomy":"category","embeddable":true,"href":"https:\/\/fsmcv.org\/vl\/wp-json\/wp\/v2\/categories?post=1746"},{"taxonomy":"post_tag","embeddable":true,"href":"https:\/\/fsmcv.org\/vl\/wp-json\/wp\/v2\/tags?post=1746"}],"curies":[{"name":"wp","href":"https:\/\/api.w.org\/{rel}","templated":true}]}}