{"id":1755,"date":"2016-04-28T12:24:22","date_gmt":"2016-04-28T10:24:22","guid":{"rendered":"http:\/\/fsmcv.org\/?post_type=fsmcv-noticias&#038;p=1755"},"modified":"2020-09-27T18:24:39","modified_gmt":"2020-09-27T18:24:39","slug":"lorquestra-tretracorde-de-foios-ofereix-el-diumenge-1-de-maig-un-concert","status":"publish","type":"post","link":"https:\/\/fsmcv.org\/vl\/noticies-campanyes\/musica-a-la-llum\/lorquestra-tretracorde-de-foios-ofereix-el-diumenge-1-de-maig-un-concert\/","title":{"rendered":"L&#8217;Orquestra Tretracorde de Foios, ofereix el diumenge 1 de maig un concert"},"content":{"rendered":"<p class=\"texto\"><span class=\"texto\">Foios, 28 d&#8217;abril de 2016<br \/>\n<\/span><\/p>\n<p><span class=\"texto\">L&#8217;orquestra Tetracorde del Centre Art\u00edstic Musical Sant Cecilia de Foios ofereix un concert diumenge 1 de maig en al Llar de la M\u00fasica d&#8217;aquesta localitat valenciana a les 12,30 hores.<\/span><\/p>\n<p>El concert estar\u00e0 dirigit pel valenci\u00e0 Javier Carrau que t\u00e9 una dilatada traject\u00f2ria professional que li ha portat de gira per diversos pa\u00efsos de tot el m\u00f3n. En l&#8217;actualitat, compagina la seua activitat com a instrumentista professional de viol\u00ed modern i barroc amb l&#8217;ensenyament de m\u00fasica de cambra, interpretaci\u00f3 de m\u00fasica antiga i viol\u00ed i viola barroc en el Conservatori Superior de M\u00fasica de Castell\u00f3.<\/p>\n<p>Per la seua banda, l&#8217;orquestra Tratracorde, compta amb violins, violes, xelos, i contrabaixos, amb m\u00e9s d&#8217;una trentena de m\u00fasics que interpretaran peces de Mozart, Krommer i Haydn.<\/p>\n<p>La Societat Musical Santa Cecilia de Foios t\u00e9 una Escola d&#8217;Educands amb 160 alumnes, amb un gran professorat altament qualificat. Posseeix tamb\u00e9 una Orquestra formada pels mateixos alumnes i dirigida per Javier Carrau, una Coral infantil dirigida per Miquel Queralt, la Banda Juvenil, que l&#8217;any 2000 va realitzar el seu primer intercanvi i la Coral de la Societat Musical que est\u00e0 donant nombrosos concerts al llarg de la nostra geografia dirigits per Sergi Bosch. Compte tamb\u00e9 amb una Orquestra de corda Infantil.<\/p>\n<p>&nbsp;<\/p>\n","protected":false},"excerpt":{"rendered":"<p>L&#8217;orquestra Tetracorde del Centre Art\u00edstic Musical Sant Cecilia de Foios ofereix un concert diumenge 1 de maig en al Llar de la M\u00fasica d&#8217;aquesta localitat valenciana a les 12,30 hores.<\/p>\n","protected":false},"author":2,"featured_media":0,"comment_status":"closed","ping_status":"closed","sticky":false,"template":"","format":"standard","meta":{"footnotes":""},"categories":[10],"tags":[],"class_list":["post-1755","post","type-post","status-publish","format-standard","hentry","category-musica-a-la-llum"],"_links":{"self":[{"href":"https:\/\/fsmcv.org\/vl\/wp-json\/wp\/v2\/posts\/1755","targetHints":{"allow":["GET"]}}],"collection":[{"href":"https:\/\/fsmcv.org\/vl\/wp-json\/wp\/v2\/posts"}],"about":[{"href":"https:\/\/fsmcv.org\/vl\/wp-json\/wp\/v2\/types\/post"}],"author":[{"embeddable":true,"href":"https:\/\/fsmcv.org\/vl\/wp-json\/wp\/v2\/users\/2"}],"replies":[{"embeddable":true,"href":"https:\/\/fsmcv.org\/vl\/wp-json\/wp\/v2\/comments?post=1755"}],"version-history":[{"count":0,"href":"https:\/\/fsmcv.org\/vl\/wp-json\/wp\/v2\/posts\/1755\/revisions"}],"wp:attachment":[{"href":"https:\/\/fsmcv.org\/vl\/wp-json\/wp\/v2\/media?parent=1755"}],"wp:term":[{"taxonomy":"category","embeddable":true,"href":"https:\/\/fsmcv.org\/vl\/wp-json\/wp\/v2\/categories?post=1755"},{"taxonomy":"post_tag","embeddable":true,"href":"https:\/\/fsmcv.org\/vl\/wp-json\/wp\/v2\/tags?post=1755"}],"curies":[{"name":"wp","href":"https:\/\/api.w.org\/{rel}","templated":true}]}}