{"id":1764,"date":"2016-04-26T12:28:18","date_gmt":"2016-04-26T10:28:18","guid":{"rendered":"http:\/\/fsmcv.org\/?post_type=fsmcv-noticias&#038;p=1764"},"modified":"2020-09-27T18:25:27","modified_gmt":"2020-09-27T18:25:27","slug":"exit-total-de-la-sarsuela-a-piles-amb-fins-solidaris","status":"publish","type":"post","link":"https:\/\/fsmcv.org\/vl\/noticies-campanyes\/musica-a-la-llum\/exit-total-de-la-sarsuela-a-piles-amb-fins-solidaris\/","title":{"rendered":"\u00c8xit total de la sarsuela a Piles amb fins solidaris"},"content":{"rendered":"<p class=\"texto\"><span class=\"texto\">Piles, 26 d&#8217;abril de 2016<br \/>\n<\/span><\/p>\n<p><span class=\"texto\">L&#8217;Agrupaci\u00f3 Art\u00edstic Musical &#8220;Santa B\u00e0rbara&#8221; de Piles, va oferir diumenge passat 24 d&#8217;abril la sarsuela del mestre Chueca \u201cLa Alegria de l&#8217;Horta\u201d, en la Casa de la Cultura d&#8217;aquesta localitat valenciana de La Safor.<\/span><\/p>\n<p>Va ser un concert molt especial posat que els fons que es van recaptar van destinats a l&#8217;Associaci\u00f3 de Fibromialgia de La Safor i a l&#8217;ONG \u201cMestres que fan Escola\u201d.<\/p>\n<p>\u201cMestres que fan Escola\u201d \u00e9s una ONG que s&#8217;ocupa principalment de pagar el sou als mestres d&#8217;algunes escoles de la regi\u00f3 de Pool en la Rep\u00fablica del Congo. Escoles que, en la seua majoria, han estat reconstru\u00efdes gr\u00e0cies a les aportacions de Vivere, una associaci\u00f3 de Conca que t\u00e9 com a fi primordial la protecci\u00f3 dels drets fonamentals dels xiquets, vetlant per la seua integritat f\u00edsica i moral.<\/p>\n<p>La interpretaci\u00f3 de la sarsuela es va realitzar pels m\u00fasics que, a m\u00e9s de tocar, interpreten, canten i ballen juntament amb el Cor Parroquial i el Grup de Danses d&#8217;Oliva, sota l&#8217;adre\u00e7a de David Pont Ripoll. L&#8217;Agrupaci\u00f3 Art\u00edstic Musical de \u201cSanta B\u00e0rbara\u201d de la localitat valenciana de Piles va ser creada l&#8217;any 1983 i l&#8217;esdeveniment art\u00edstic musical i amb car\u00e0cter solidari que es va realitzar diumenge passat va ser el primer.<\/p>\n<p>Des de l&#8217;organitzaci\u00f3 s&#8217;han mostrat molt satisfets tant amb l&#8217;actuaci\u00f3 dels m\u00fasics com per la resposta del p\u00fablic.<\/p>\n<p>&nbsp;<\/p>\n","protected":false},"excerpt":{"rendered":"<p>L&#8217;Agrupaci\u00f3 Art\u00edstic Musical &#8220;Santa B\u00e0rbara&#8221; de Piles, va oferir diumenge passat 24 d&#8217;abril la sarsuela del mestre Chueca \u201cLa Alegria de l&#8217;Horta\u201d, en la Casa de la Cultura d&#8217;aquesta localitat valenciana de La Safor. <\/p>\n","protected":false},"author":2,"featured_media":0,"comment_status":"closed","ping_status":"closed","sticky":false,"template":"","format":"standard","meta":{"footnotes":""},"categories":[10],"tags":[],"class_list":["post-1764","post","type-post","status-publish","format-standard","hentry","category-musica-a-la-llum"],"_links":{"self":[{"href":"https:\/\/fsmcv.org\/vl\/wp-json\/wp\/v2\/posts\/1764","targetHints":{"allow":["GET"]}}],"collection":[{"href":"https:\/\/fsmcv.org\/vl\/wp-json\/wp\/v2\/posts"}],"about":[{"href":"https:\/\/fsmcv.org\/vl\/wp-json\/wp\/v2\/types\/post"}],"author":[{"embeddable":true,"href":"https:\/\/fsmcv.org\/vl\/wp-json\/wp\/v2\/users\/2"}],"replies":[{"embeddable":true,"href":"https:\/\/fsmcv.org\/vl\/wp-json\/wp\/v2\/comments?post=1764"}],"version-history":[{"count":0,"href":"https:\/\/fsmcv.org\/vl\/wp-json\/wp\/v2\/posts\/1764\/revisions"}],"wp:attachment":[{"href":"https:\/\/fsmcv.org\/vl\/wp-json\/wp\/v2\/media?parent=1764"}],"wp:term":[{"taxonomy":"category","embeddable":true,"href":"https:\/\/fsmcv.org\/vl\/wp-json\/wp\/v2\/categories?post=1764"},{"taxonomy":"post_tag","embeddable":true,"href":"https:\/\/fsmcv.org\/vl\/wp-json\/wp\/v2\/tags?post=1764"}],"curies":[{"name":"wp","href":"https:\/\/api.w.org\/{rel}","templated":true}]}}