{"id":1767,"date":"2016-04-26T12:29:36","date_gmt":"2016-04-26T10:29:36","guid":{"rendered":"http:\/\/fsmcv.org\/?post_type=fsmcv-noticias&#038;p=1767"},"modified":"2020-09-27T18:25:32","modified_gmt":"2020-09-27T18:25:32","slug":"la-jove-promesa-maria-faubel-presenta-el-seu-primer-disc-aquest-dissabte-a-lliria","status":"publish","type":"post","link":"https:\/\/fsmcv.org\/vl\/noticies-campanyes\/musica-a-la-llum\/la-jove-promesa-maria-faubel-presenta-el-seu-primer-disc-aquest-dissabte-a-lliria\/","title":{"rendered":"La jove promesa Mar\u00eda Faubel, presenta el seu primer disc aquest dissabte a Ll\u00edria"},"content":{"rendered":"<p class=\"texto\"><span class=\"texto\">Ll\u00edria, 26 d&#8217;abril de 2016<br \/>\n<\/span><\/p>\n<p><span class=\"texto\">Dissabte que ve 30 d&#8217;abril a les 18,30 hores en el Sal\u00f3 d&#8217;Assajos de la Uni\u00f3 Musical de Ll\u00edria, dins del cicle de Concerts de C\u00e0mera, la jove promesa de la m\u00fasica, Mar\u00eda Faubel presenta el seu primer disc \u201cSilencio Ensordecedor\u201d.<\/span><\/p>\n<p>En aquest primer treball, la compositora edetana \u201cincluye temes d&#8217;actualitat, reflexi\u00f3 social, dels joves, de la dona, dels drets human. Les lletres de les seues can\u00e7ons no deixen indiferent a ning\u00fa i ens acosten al nostre costat m\u00e9s hum\u00e0\u201d, han declarat des de la Uni\u00f3. Mar\u00eda Faubel \u00e9s una jove cantant valenciana de 22 anys que ha compost, gravat i produ\u00eft el seu primer disc, titulat \u201cSilencio Ensordecedor\u201d, en el qual ella mateixa executa tots els instruments a m\u00e9s de posar veu i cors. Faubel tamb\u00e9 realitza ella mateixa la distribuci\u00f3 del seu disc i la promoci\u00f3 en xarxes socials.<\/p>\n<p>Impressionant traject\u00f2ria professional de la jove m\u00fasic valenciana<\/p>\n<p>Faubel va iniciar els seus estudis musicals de percussi\u00f3 en 2001 en l&#8217;Escola de M\u00fasica de la Uni\u00f3 Musical de Ll\u00edria amb els professors Natalia Muntany\u00e9s, Sergio Izquierdo i Jos\u00e9 Vicente Esp\u00ed. D&#8217;altra banda, comen\u00e7a els seus estudis de piano en el Centre Integrat de la Uni\u00f3 Musical amb les professores Paloma Brito i Virginia N\u00fa\u00f1ez. Durant els anys 2003 i 2004 fa cursos de perfeccionament te\u00f2ric-musical. L&#8217;any 2005, despr\u00e9s de quedar en primer lloc en les proves d&#8217;acc\u00e9s, comen\u00e7a els seus estudis musicals de Grau Mitj\u00e0 de percussi\u00f3 en el Conservatori Professional de Ll\u00edria.<\/p>\n<p>Al maig de 2008 obt\u00e9 el primer premi en l&#8217;especialitat de percussi\u00f3 en el \u201cIV Concurs Nacional de J\u00f3vens Int\u00e9rprets ciutat de Ll\u00edria\u201d. En 2009 realitza estudis de saxofon en l&#8217;escola de m\u00fasica de la Uni\u00f3 Musical de Ll\u00edria amb el professor Miguel Castillo. Al febrer del 2010 col\u00b7labora en una gira de concerts amb el \u201cM\u00e9todo Suzuki\u201d. Al juny de 2010 participa i obt\u00e9 el primer premi en el \u201cII concurs nacional de percussi\u00f3: caixa\u201d a Benet\u00fasser, dins del \u201cCicle Baketes\u201d. Aqueix mateix mes obt\u00e9 el primer premi en el \u201cConcurso de composici\u00f3n de m\u00fasica para cortometrajes\u201d al conservatori de Ll\u00edria. Al juny del 2011 acaba els seus estudis professionals de percussi\u00f3 en Conservatori Professional de m\u00fasica de Ll\u00edria amb una nota mitjana d&#8217;excel\u00b7lent i per tant, se li atorga el premi fi de grau. Realitza les proves d&#8217;acc\u00e9s a les especialitats de percussi\u00f3 i pedagogia en el Conservatori Superior de m\u00fasica \u201cJoaqu\u00edn Rodrigo\u201d de Val\u00e8ncia, quedant en el primer lloc en ambdues proves.<\/p>\n<p>Aqueix mateix any la Generalitat Valenciana li atorga el Premi Extraordinari Professional Auton\u00f2mic de M\u00fasica. En 2012 realitza les proves d&#8217;admissi\u00f3 en la Jove Orquestra de la Generalitat Valenciana (JOGV), i despr\u00e9s de superar-les comen\u00e7a a formar part de la seua plantilla tenint com a professors al Grup Amores, Gratiniano Murcia i a Angel Omar Frette. Des de 2011 \u00e9s docent en diverses escoles de m\u00fasica. Actualment, ocupa la pla\u00e7a de timbal solista en l&#8217;Orquestra del CSMV \u201cJoaqu\u00edn Rodrigo\u201d de Val\u00e8ncia, en la Jove Orquestra Turina, en l&#8217;Orquestra Acad\u00e8mica de Val\u00e8ncia, en la Jove Orquestra de la Generalitat Valenciana, en la Banda Simf\u00f3nica Uni\u00f3 Musical de Ll\u00edria i en l&#8217;Orquestra de la Uni\u00f3 Musical de Ll\u00edria.<\/p>\n<p>&nbsp;<\/p>\n","protected":false},"excerpt":{"rendered":"<p>Dissabte que ve 30 d&#8217;abril a les 18,30 hores en el Sal\u00f3 d&#8217;Assajos de la Uni\u00f3 Musical de Ll\u00edria, dins del cicle de Concerts de C\u00e0mera, la jove promesa de la m\u00fasica, Mar\u00eda Faubel presenta el seu primer disc \u201cSilencio Ensordecedor\u201d<\/p>\n","protected":false},"author":2,"featured_media":0,"comment_status":"closed","ping_status":"closed","sticky":false,"template":"","format":"standard","meta":{"footnotes":""},"categories":[10],"tags":[],"class_list":["post-1767","post","type-post","status-publish","format-standard","hentry","category-musica-a-la-llum"],"_links":{"self":[{"href":"https:\/\/fsmcv.org\/vl\/wp-json\/wp\/v2\/posts\/1767","targetHints":{"allow":["GET"]}}],"collection":[{"href":"https:\/\/fsmcv.org\/vl\/wp-json\/wp\/v2\/posts"}],"about":[{"href":"https:\/\/fsmcv.org\/vl\/wp-json\/wp\/v2\/types\/post"}],"author":[{"embeddable":true,"href":"https:\/\/fsmcv.org\/vl\/wp-json\/wp\/v2\/users\/2"}],"replies":[{"embeddable":true,"href":"https:\/\/fsmcv.org\/vl\/wp-json\/wp\/v2\/comments?post=1767"}],"version-history":[{"count":0,"href":"https:\/\/fsmcv.org\/vl\/wp-json\/wp\/v2\/posts\/1767\/revisions"}],"wp:attachment":[{"href":"https:\/\/fsmcv.org\/vl\/wp-json\/wp\/v2\/media?parent=1767"}],"wp:term":[{"taxonomy":"category","embeddable":true,"href":"https:\/\/fsmcv.org\/vl\/wp-json\/wp\/v2\/categories?post=1767"},{"taxonomy":"post_tag","embeddable":true,"href":"https:\/\/fsmcv.org\/vl\/wp-json\/wp\/v2\/tags?post=1767"}],"curies":[{"name":"wp","href":"https:\/\/api.w.org\/{rel}","templated":true}]}}