{"id":1770,"date":"2016-04-26T12:30:58","date_gmt":"2016-04-26T10:30:58","guid":{"rendered":"http:\/\/fsmcv.org\/?post_type=fsmcv-noticias&#038;p=1770"},"modified":"2020-09-27T18:25:41","modified_gmt":"2020-09-27T18:25:41","slug":"lalianca-de-vinaros-ofereix-el-dissabte-el-seu-tradicional-concert-en-honor-al-soci","status":"publish","type":"post","link":"https:\/\/fsmcv.org\/vl\/noticies-campanyes\/musica-a-la-llum\/lalianca-de-vinaros-ofereix-el-dissabte-el-seu-tradicional-concert-en-honor-al-soci\/","title":{"rendered":"L&#8217;Alian\u00e7a de Vinar\u00f2s ofereix el dissabte el seu tradicional concert en honor al soci"},"content":{"rendered":"<p>Vinar\u00f2s, 26 d&#8217;abril de 2016<\/p>\n<p>Dissabte que ve 30 d&#8217;abril a les 19 hores en l&#8217;auditori municipal \u201cVenceslao Aigulas d\u2019Izco\u201d, la Societat Musical L&#8217;Alian\u00e7a de Vinar\u00f2s oferir\u00e0 el seu tradicional concert en honor al soci.<\/p>\n<p>S&#8217;interpretaran bandes sonores de premiades pel\u00b7l\u00edcules com Star Wars, de John Williams, Piratas del Caribe, de Klaus Badelt, per\u00f2 tamb\u00e9 peces com la Fantasia de l&#8217;\u00f2pera Carmen, del mestre Bizet. La direcci\u00f3 art\u00edstica del concert estar\u00e0 sota la batura de Jos\u00e9 Ram\u00f3n Renovell Renovell.<\/p>\n<p>L&#8217;Alian\u00e7a de Vinar\u00f2s, deu el seu nom a la uni\u00f3 entre m\u00fasics de dues bandes anteriorment disoltes. Es va constituir en 1907 i en l&#8217;actualitat, presideix la societat V\u00edctor Aren\u00f3s i compta amb 350 socis i 135 m\u00fasics federats. A m\u00e9s, compta amb Banda Juvenil, Banda Infantil i t\u00e9 una escola de m\u00fasica amb m\u00e9s de 250 alumnes, que son el futur de la societat.<br \/>\nPROGRAMA<\/p>\n<p>Star Wars\u00a0\u00a0\u00a0\u00a0\u00a0\u00a0\u00a0\u00a0\u00a0\u00a0\u00a0\u00a0\u00a0\u00a0\u00a0\u00a0\u00a0\u00a0\u00a0\u00a0\u00a0\u00a0\u00a0\u00a0\u00a0\u00a0\u00a0\u00a0\u00a0\u00a0\u00a0 \u00a0\u00a0\u00a0\u00a0\u00a0\u00a0\u00a0\u00a0\u00a0\u00a0\u00a0\u00a0\u00a0\u00a0\u00a0\u00a0\u00a0\u00a0 John Williams<\/p>\n<p>Piratas del Caribe\u00a0\u00a0\u00a0\u00a0\u00a0\u00a0\u00a0\u00a0\u00a0\u00a0 \u00a0\u00a0\u00a0\u00a0\u00a0\u00a0\u00a0\u00a0\u00a0\u00a0\u00a0\u00a0\u00a0\u00a0\u00a0\u00a0\u00a0\u00a0\u00a0\u00a0\u00a0\u00a0\u00a0\u00a0\u00a0\u00a0\u00a0 Klaus Badelt<\/p>\n<p>Memorias de \u00c1frica\u00a0\u00a0\u00a0\u00a0\u00a0\u00a0\u00a0\u00a0\u00a0\u00a0\u00a0\u00a0\u00a0\u00a0\u00a0\u00a0\u00a0\u00a0\u00a0\u00a0\u00a0\u00a0\u00a0\u00a0\u00a0\u00a0\u00a0\u00a0\u00a0\u00a0\u00a0\u00a0\u00a0\u00a0\u00a0 John Barry<\/p>\n<p>Nabucco\u00a0\u00a0\u00a0\u00a0\u00a0\u00a0\u00a0\u00a0\u00a0\u00a0\u00a0\u00a0\u00a0\u00a0\u00a0\u00a0\u00a0\u00a0\u00a0\u00a0\u00a0\u00a0\u00a0\u00a0\u00a0\u00a0\u00a0\u00a0\u00a0\u00a0\u00a0\u00a0\u00a0\u00a0\u00a0\u00a0\u00a0\u00a0\u00a0\u00a0\u00a0\u00a0\u00a0 \u00a0\u00a0\u00a0\u00a0\u00a0\u00a0\u00a0 G. Verdi<\/p>\n<p>Fantas\u00eda de la \u00f3pera Carmen\u00a0\u00a0\u00a0\u00a0\u00a0\u00a0\u00a0\u00a0\u00a0\u00a0\u00a0\u00a0\u00a0\u00a0\u00a0\u00a0\u00a0\u00a0\u00a0\u00a0 G. Bizet<\/p>\n","protected":false},"excerpt":{"rendered":"<p>Dissabte que ve 30 d&#8217;abril a les 19 hores en l&#8217;auditori municipal \u201cVenceslao Aigulas d\u2019Izco\u201d, la Societat Musical L&#8217;Alian\u00e7a de Vinar\u00f2s oferir\u00e0 el seu tradicional concert en honor al soci. <\/p>\n","protected":false},"author":2,"featured_media":0,"comment_status":"closed","ping_status":"closed","sticky":false,"template":"","format":"standard","meta":{"footnotes":""},"categories":[10],"tags":[],"class_list":["post-1770","post","type-post","status-publish","format-standard","hentry","category-musica-a-la-llum"],"_links":{"self":[{"href":"https:\/\/fsmcv.org\/vl\/wp-json\/wp\/v2\/posts\/1770","targetHints":{"allow":["GET"]}}],"collection":[{"href":"https:\/\/fsmcv.org\/vl\/wp-json\/wp\/v2\/posts"}],"about":[{"href":"https:\/\/fsmcv.org\/vl\/wp-json\/wp\/v2\/types\/post"}],"author":[{"embeddable":true,"href":"https:\/\/fsmcv.org\/vl\/wp-json\/wp\/v2\/users\/2"}],"replies":[{"embeddable":true,"href":"https:\/\/fsmcv.org\/vl\/wp-json\/wp\/v2\/comments?post=1770"}],"version-history":[{"count":0,"href":"https:\/\/fsmcv.org\/vl\/wp-json\/wp\/v2\/posts\/1770\/revisions"}],"wp:attachment":[{"href":"https:\/\/fsmcv.org\/vl\/wp-json\/wp\/v2\/media?parent=1770"}],"wp:term":[{"taxonomy":"category","embeddable":true,"href":"https:\/\/fsmcv.org\/vl\/wp-json\/wp\/v2\/categories?post=1770"},{"taxonomy":"post_tag","embeddable":true,"href":"https:\/\/fsmcv.org\/vl\/wp-json\/wp\/v2\/tags?post=1770"}],"curies":[{"name":"wp","href":"https:\/\/api.w.org\/{rel}","templated":true}]}}