{"id":1785,"date":"2016-04-22T12:47:58","date_gmt":"2016-04-22T10:47:58","guid":{"rendered":"http:\/\/fsmcv.org\/?post_type=fsmcv-noticias&#038;p=1785"},"modified":"2020-09-27T18:26:18","modified_gmt":"2020-09-27T18:26:18","slug":"la-unio-musical-lhorta-de-sant-marce%c2%b7li-ofereix-un-concert-sota-la-direccio-de-vicente-pelechano-en-la-rambleta","status":"publish","type":"post","link":"https:\/\/fsmcv.org\/vl\/noticies-campanyes\/musica-a-la-llum\/la-unio-musical-lhorta-de-sant-marce%c2%b7li-ofereix-un-concert-sota-la-direccio-de-vicente-pelechano-en-la-rambleta\/","title":{"rendered":"La Uni\u00f3 Musical l&#8217;Horta de Sant Marce\u00b7l\u00ed ofereix un concert sota la direcci\u00f3 de Vicente Pelechano en La Rambleta"},"content":{"rendered":"<p class=\"texto\"><span class=\"texto\">Val\u00e8ncia, 22 d&#8217;abril de 2016<br \/>\n<\/span><\/p>\n<p><span class=\"texto\">L&#8217;actuaci\u00f3 ser\u00e0 aquest diumenge, 24 d&#8217;abril a les 12 hores en l&#8217;Espai Rambleta i s&#8217;inscriu en el cicle Retrobem la Nostra M\u00fasica que organitza la Diputaci\u00f3 Provincial de Val\u00e8ncia i s&#8217;interpretaran obres de compositors valencians.<\/span><\/p>\n<p>La Uni\u00f3 Musical l\u2019Horta naix en 1980 i malgrat la seua joventut tenen una dilatada traject\u00f2ria d&#8217;intervencions en cert\u00e0mens i concursos. Aquesta agrupaci\u00f3 compta amb Banda, Banda Simf\u00f2nica, Banda Juvenil, Orquestra de cambra, Coral i Escola de M\u00fasica.<\/p>\n<p>Entrada lliure amb invitaci\u00f3<\/p>\n<p>&nbsp;<\/p>\n","protected":false},"excerpt":{"rendered":"<p>L&#8217;actuaci\u00f3 ser\u00e0 aquest diumenge, 24 d&#8217;abril a les 12 hores en l&#8217;Espai Rambleta i s&#8217;inscriu en el cicle Retrobem la Nostra M\u00fasica que organitza la Diputaci\u00f3 Provincial de Val\u00e8ncia i s&#8217;interpretaran obres de compositors valencians.<\/p>\n","protected":false},"author":2,"featured_media":0,"comment_status":"closed","ping_status":"closed","sticky":false,"template":"","format":"standard","meta":{"footnotes":""},"categories":[10],"tags":[],"class_list":["post-1785","post","type-post","status-publish","format-standard","hentry","category-musica-a-la-llum"],"_links":{"self":[{"href":"https:\/\/fsmcv.org\/vl\/wp-json\/wp\/v2\/posts\/1785","targetHints":{"allow":["GET"]}}],"collection":[{"href":"https:\/\/fsmcv.org\/vl\/wp-json\/wp\/v2\/posts"}],"about":[{"href":"https:\/\/fsmcv.org\/vl\/wp-json\/wp\/v2\/types\/post"}],"author":[{"embeddable":true,"href":"https:\/\/fsmcv.org\/vl\/wp-json\/wp\/v2\/users\/2"}],"replies":[{"embeddable":true,"href":"https:\/\/fsmcv.org\/vl\/wp-json\/wp\/v2\/comments?post=1785"}],"version-history":[{"count":0,"href":"https:\/\/fsmcv.org\/vl\/wp-json\/wp\/v2\/posts\/1785\/revisions"}],"wp:attachment":[{"href":"https:\/\/fsmcv.org\/vl\/wp-json\/wp\/v2\/media?parent=1785"}],"wp:term":[{"taxonomy":"category","embeddable":true,"href":"https:\/\/fsmcv.org\/vl\/wp-json\/wp\/v2\/categories?post=1785"},{"taxonomy":"post_tag","embeddable":true,"href":"https:\/\/fsmcv.org\/vl\/wp-json\/wp\/v2\/tags?post=1785"}],"curies":[{"name":"wp","href":"https:\/\/api.w.org\/{rel}","templated":true}]}}