{"id":1790,"date":"2016-04-22T12:53:25","date_gmt":"2016-04-22T10:53:25","guid":{"rendered":"http:\/\/fsmcv.org\/?post_type=fsmcv-noticias&#038;p=1790"},"modified":"2020-09-27T18:26:33","modified_gmt":"2020-09-27T18:26:33","slug":"la-societat-musical-la-pau-de-sant-joan-dalacant-ofereix-dues-concerts-per-a-commemorar-el-quart-centenari-de-la-mort-de-miguel-de-cervantes","status":"publish","type":"post","link":"https:\/\/fsmcv.org\/vl\/noticies-campanyes\/musica-a-la-llum\/la-societat-musical-la-pau-de-sant-joan-dalacant-ofereix-dues-concerts-per-a-commemorar-el-quart-centenari-de-la-mort-de-miguel-de-cervantes\/","title":{"rendered":"La Societat Musical La Pau de Sant Joan d&#8217;Alacant ofereix dues concerts per a commemorar el quart centenari de la mort de Miguel de Cervantes"},"content":{"rendered":"<p><span class=\"texto\">Aquest mes d&#8217;abril la societat musical La Pau t\u00e9 una cita amb els llibres. La banda titular, dirigida per Joan Espinosa, comptar\u00e0 amb la col\u00b7laboraci\u00f3 del narrador Juan Antonio Olmedo qui convertir\u00e0 la festa del llibre en un espectacle literari musical.<\/span><\/p>\n<p>Els dos concerts que oferir\u00e0 l&#8217;entitat els dies 22 i 24 d&#8217;abril, commemoren el quart centen\u00e0ri de la mort de Miguel de Cervantes. El divendres 22, a les 21h, la banda oferir\u00e0 el primer concert en l&#8217;auditori del complex cultural Las Cigarreras d&#8217;Alacant en el marc de la XXI campanya M\u00fasica Als Pobles de la Diputaci\u00f3 d&#8217;Alacant. Amb aquest concert La Pau tamb\u00e9 fa homenatge a la foguera La Cer\u00e0mica d&#8217;Alacant per la seua 20 aniversari. El diumenge 24 a les 12h la banda repetir\u00e0 el concert en l&#8217;auditori de la casa de cultura de Sant Joan sota el patrocini de la regidoria de cultura.<\/p>\n<p>Tres obres relacionades amb els textos de tres autors seran l&#8217;eix principal de l&#8217;acte.<\/p>\n<p>\u201cEl Quijote\u201d del compositor valenci\u00e0 Ferrer Ferr\u00e1n, \u201cEl Cantar del M\u00edo Cid\u201d del compositor d&#8217;Algemes\u00ed Adam Ferrero i \u201cLa noche del bombardeo\u201d del m\u00fasic i compositor local Arturo Albero. \u201cEl Quijote\u201d \u00e9s una fantasia simf\u00f2nica composta per a commemorar el cuart centenari de la creaci\u00f3 d&#8217;aquesta obra.<\/p>\n<p>\u201cEl Cantar de M\u00edo Cid\u201d \u00e9s un poema simf\u00f2nic tamb\u00e9 amb narraci\u00f3, en quatre parts, amb text de Carlos Fr\u00fcbeck de Burgos.<\/p>\n<p>L&#8217;obra del m\u00fasic local recrea amb m\u00fasica i lletra el poema d&#8217;Isidro Buades \u201cLa noche del Bombardeo\u201d composta en homenatge pel XX aniversari del seu nomenament com a cronista oficial de la vila.<\/p>\n<p>CONCERTS COMMEMORATIUS<\/p>\n<p>Cuart Centenari de la mort de Miguel de Cervantes<\/p>\n<p>Banda titular de la Societat Musical La Pau de Sant Joan d\u2019Alacant<\/p>\n<p>dirigida per Joan Espinosa Narrador: Juan Antonio Olmedo<br \/>\nAuditori del centre cultural Las Cigarreras d&#8217;Alacant<\/p>\n<p>DIVENDRES 22 d&#8217;abril de 2016 a les 21h. ENTRADA LLIURE LIMITADA A l&#8217;AFORAMENT<br \/>\nAuditori Antonio Gil de la Casa de Cultura de Sant Joan<\/p>\n<p>DOMINGO 24 d&#8217;abril de 2016 a les 12h. ENTRADA LLIURE LIMITADA A l&#8217;AFORAMENT<\/p>\n<p>&nbsp;<\/p>\n","protected":false},"excerpt":{"rendered":"<p>Aquest mes d&#8217;abril la societat musical La Pau t\u00e9 una cita amb els llibres. La banda titular, dirigida per Joan Espinosa, comptar\u00e0 amb la col\u00b7laboraci\u00f3 del narrador Juan Antonio Olmedo qui convertir\u00e0 la festa del llibre en un espectacle literari musical.<\/p>\n","protected":false},"author":2,"featured_media":0,"comment_status":"closed","ping_status":"closed","sticky":false,"template":"","format":"standard","meta":{"footnotes":""},"categories":[10],"tags":[],"class_list":["post-1790","post","type-post","status-publish","format-standard","hentry","category-musica-a-la-llum"],"_links":{"self":[{"href":"https:\/\/fsmcv.org\/vl\/wp-json\/wp\/v2\/posts\/1790","targetHints":{"allow":["GET"]}}],"collection":[{"href":"https:\/\/fsmcv.org\/vl\/wp-json\/wp\/v2\/posts"}],"about":[{"href":"https:\/\/fsmcv.org\/vl\/wp-json\/wp\/v2\/types\/post"}],"author":[{"embeddable":true,"href":"https:\/\/fsmcv.org\/vl\/wp-json\/wp\/v2\/users\/2"}],"replies":[{"embeddable":true,"href":"https:\/\/fsmcv.org\/vl\/wp-json\/wp\/v2\/comments?post=1790"}],"version-history":[{"count":0,"href":"https:\/\/fsmcv.org\/vl\/wp-json\/wp\/v2\/posts\/1790\/revisions"}],"wp:attachment":[{"href":"https:\/\/fsmcv.org\/vl\/wp-json\/wp\/v2\/media?parent=1790"}],"wp:term":[{"taxonomy":"category","embeddable":true,"href":"https:\/\/fsmcv.org\/vl\/wp-json\/wp\/v2\/categories?post=1790"},{"taxonomy":"post_tag","embeddable":true,"href":"https:\/\/fsmcv.org\/vl\/wp-json\/wp\/v2\/tags?post=1790"}],"curies":[{"name":"wp","href":"https:\/\/api.w.org\/{rel}","templated":true}]}}