{"id":1803,"date":"2016-04-21T12:59:24","date_gmt":"2016-04-21T10:59:24","guid":{"rendered":"http:\/\/fsmcv.org\/?post_type=fsmcv-noticias&#038;p=1803"},"modified":"2020-09-27T18:14:10","modified_gmt":"2020-09-27T18:14:10","slug":"lartisitica-de-novelda-celebra-el-seu-concert-de-primavera","status":"publish","type":"post","link":"https:\/\/fsmcv.org\/vl\/noticies-campanyes\/musica-a-la-llum\/lartisitica-de-novelda-celebra-el-seu-concert-de-primavera\/","title":{"rendered":"L&#8217;Art\u00edsitica de Novelda celebra el seu concert de Primavera"},"content":{"rendered":"<p class=\"texto\"><span class=\"texto\">Novelda, 21 d&#8217;abril de 2016<br \/>\n<\/span><\/p>\n<p><span class=\"texto\">L&#8217;Art\u00edstica de Novelda celebra diumenge que ve, dia 24 d&#8217;abril a les 19:30h, el concert de primavera com \u00e9s habitual cada any.<\/span><\/p>\n<p>El concert t\u00e9 dues parts.<\/p>\n<p>En la primera part, la banda d&#8217;educandos, sota la direcci\u00f3n de Jos\u00e9 Mar\u00eda Navarro Forni\u00e9s, delectar\u00e0 al p\u00fablic amb un repertori fresc i variat. A m\u00e9s, es podr\u00e0n escoltar com a solistes a tres joves int\u00e8rprets de la banda: Javier Gonz\u00e1lez, amb la trompa, Alejandro S\u00e1nchez, amb la percussi\u00f3 i Mar\u00eda Sabater al clarinet.<\/p>\n<p>En la segona part, la banda major interpretar\u00e0, mitjan\u00e7ant un espectacle de m\u00fasica i teatre, la coneguda obra El Lago de los Cisnes, que narra la hist\u00f2ria de Sigfrido i Odette. Per a representar l&#8217;argument de l&#8217;obra, l&#8217;Art\u00edstica comptar\u00e0 amb la col\u00b7laboraci\u00f3 de Nuria Garc\u00eda Mart\u00ednez i Salvador Ronda Savall, del grup d&#8217;interpretaci\u00f3 ArtCrear.<\/p>\n<p>Programa del concert<\/p>\n<p>1\u00aa PART<\/p>\n<p>Banda de Educandos<\/p>\n<p>Fiesta Alicantina (Pasodoble)&#8230;&#8230;&#8230;&#8230;&#8230;&#8230;&#8230;&#8230;&#8230;&#8230;..Pedro Gonz\u00e1lez Tercero<\/p>\n<p>Instr. \u00d3scar Navarro<\/p>\n<p>Romance Opus 36 (Trompa y Banda)&#8230;&#8230;&#8230;&#8230;&#8230;&#8230;&#8230;&#8230;Charles-Camille Saint-Saens<\/p>\n<p>Solista: Javier Gonz\u00e1lez Bernabeu<\/p>\n<p>Happy Mallets (Xil\u00f3fono y Banda)\u2026\u2026\u2026&#8230;.\u2026&#8230;&#8230;&#8230;\u2026..Harm Evers<\/p>\n<p>Solista: Alejandro S\u00e1nchez Garc\u00e9s<\/p>\n<p>Jumper Clarinet (Clarinete y Banda)\u2026\u2026\u2026\u2026&#8230;&#8230;&#8230;.\u2026.\u00d3scar Navarro<\/p>\n<p>Solista: Mar\u00eda Sabater Seller<\/p>\n<p>Director: Jos\u00e9 Mar\u00eda Navarro Forni\u00e9<\/p>\n<p>2\u00aa PART<\/p>\n<p>Banda<\/p>\n<p>El Lago de los Cisnes\u2026\u2026\u2026\u2026\u2026\u2026\u2026\u2026\u2026\u2026&#8230;&#8230;&#8230;&#8230;\u2026&#8230;&#8230;\u2026.P. I. Tchaikovsky<\/p>\n<p>Arr. Joan Enric Canet Introducci\u00f3n<\/p>\n<p>-Vals<\/p>\n<p>-Danza de los cisnes<\/p>\n<p>-Escena<\/p>\n<p>-Final<\/p>\n<p>Director: Juan Francisco Sell\u00e9s Mu\u00f1oz<\/p>\n<p>&nbsp;<\/p>\n","protected":false},"excerpt":{"rendered":"<p>Es celebra diumenge que ve, dia 24 d&#8217;abril a les 19:30h, el concert de primavera com \u00e9s habitual cada any.<\/p>\n","protected":false},"author":2,"featured_media":0,"comment_status":"closed","ping_status":"closed","sticky":false,"template":"","format":"standard","meta":{"footnotes":""},"categories":[10],"tags":[],"class_list":["post-1803","post","type-post","status-publish","format-standard","hentry","category-musica-a-la-llum"],"_links":{"self":[{"href":"https:\/\/fsmcv.org\/vl\/wp-json\/wp\/v2\/posts\/1803","targetHints":{"allow":["GET"]}}],"collection":[{"href":"https:\/\/fsmcv.org\/vl\/wp-json\/wp\/v2\/posts"}],"about":[{"href":"https:\/\/fsmcv.org\/vl\/wp-json\/wp\/v2\/types\/post"}],"author":[{"embeddable":true,"href":"https:\/\/fsmcv.org\/vl\/wp-json\/wp\/v2\/users\/2"}],"replies":[{"embeddable":true,"href":"https:\/\/fsmcv.org\/vl\/wp-json\/wp\/v2\/comments?post=1803"}],"version-history":[{"count":0,"href":"https:\/\/fsmcv.org\/vl\/wp-json\/wp\/v2\/posts\/1803\/revisions"}],"wp:attachment":[{"href":"https:\/\/fsmcv.org\/vl\/wp-json\/wp\/v2\/media?parent=1803"}],"wp:term":[{"taxonomy":"category","embeddable":true,"href":"https:\/\/fsmcv.org\/vl\/wp-json\/wp\/v2\/categories?post=1803"},{"taxonomy":"post_tag","embeddable":true,"href":"https:\/\/fsmcv.org\/vl\/wp-json\/wp\/v2\/tags?post=1803"}],"curies":[{"name":"wp","href":"https:\/\/api.w.org\/{rel}","templated":true}]}}