{"id":1840,"date":"2016-04-18T13:14:52","date_gmt":"2016-04-18T11:14:52","guid":{"rendered":"http:\/\/fsmcv.org\/?post_type=fsmcv-noticias&#038;p=1840"},"modified":"2020-09-27T18:15:38","modified_gmt":"2020-09-27T18:15:38","slug":"la-sium-de-tavernes-de-la-valldigna-realitza-un-concert-extraordinari-dirigit-per-vuit-directors-portuguesos-i-espanyols","status":"publish","type":"post","link":"https:\/\/fsmcv.org\/vl\/noticies-campanyes\/musica-a-la-llum\/la-sium-de-tavernes-de-la-valldigna-realitza-un-concert-extraordinari-dirigit-per-vuit-directors-portuguesos-i-espanyols\/","title":{"rendered":"La SIUM de Tavernes de la Valldigna realitza un concert extraordinari dirigit per vuit directors portuguesos i espanyols"},"content":{"rendered":"<p class=\"texto\"><span class=\"texto\">Tavernes de la Valldigna, 18 d&#8217;abril 2016<br \/>\n<\/span><\/p>\n<p><span class=\"texto\">La Uni\u00f3 Musical de Tavernes de la Valldigina acull un important concert en el qual participen directors 6 mestres portuguesos i dos directors de Tavernes.<\/span><\/p>\n<p>Aquest concert especial que tindr\u00e0 lloc en la vesprada del diumenge 24 d&#8217;abril a l&#8217;auditori de la Societat Instructiva Uni\u00f3 Musical de Tavernes de la Valldigna i els assajos i classes tindran lloc els dies previs -22, 23 i tamb\u00e9 el 24 d&#8217;abril- en horari de mat\u00ed, vesprada i nit.<\/p>\n<p>Els mestres participants en el concert treballaran durant tres dies amb la banda Simf\u00f2nica de la SIUM sota la tutela del director titular Rafa Garrig\u00f3s del que rebran classes te\u00f2riques i pr\u00e0ctiques per a preparar l&#8217;exigent repertori del concert. El curs va n\u00e0ixer d&#8217;una iniciativa del reconegut mestre portugu\u00e9s Paulo Martins. Paulo Martins, mestre amb una gran activitat com a director i professor de direcci\u00f3, t\u00e9 una important relaci\u00f3 amb Espanya, ja que ha participat com a director de diferents agrupacions i cert\u00e0mens a Espanya.<\/p>\n<p>Adquirir experi\u00e8ncia de direcci\u00f3, objectiu del concert<\/p>\n<p>El mestre Paulo Martins \u00e9s professor d&#8217;Adre\u00e7a de l&#8217;Acad\u00e8mia Portuguesa de banda, i com a experi\u00e8ncia vital en el seu aprenentatge, pret\u00e9n que els seus alumnes puguen enfrontar-se a realitats musicals diferents anara del seu entorn.<\/p>\n<p>\u201cPromou classes amb altres mestres en diferents pa\u00efsos. En aquest context s&#8217;emmarca esta activitat de la Societat Instructiva Musical de Tavernes de la Valldigna. En aquest cas, 6 alumnes del mestre Martins i 2 alumnes direcci\u00f3n pertanyents a la pr\u00f2pia SIUM, es repartiran el temps sobre el podi de director en el concert que clausurar\u00e0 del curs\u201d, ha explicat Rafael Garrig\u00f3s director titular de la banda de Tavernes de la Valldigna.<\/p>\n<p>La Instructiva de Tavernes, una entitat amb molta hist\u00f2ria<\/p>\n<p>La Banda Simf\u00f2nica de la Societat Instructiva Uni\u00f3 Musical de Tavernes de la Valldigna va n\u00e0ixer l&#8217;any 1883. L&#8217;any 1939 es van unir les dues bandes de la localitat, formant-se una sola agrupaci\u00f3 que \u00e9s la que actualment coneixem. A l&#8217;any 1965 comen\u00e7a lentament la seua recuperaci\u00f3 i en 1969 es fa c\u00e0rrec com a director D. Eduardo Arnau Moreno, el qual en poc temps aconsegueix millorar notablement el seu nivell musical i enquadrar-la en la Primera Secci\u00f3 del Certamen Internacional de Bandes de M\u00fasica celebrat a Val\u00e8ncia. Actualment compta amb uns 190 m\u00fasics federats, i m\u00e9s de 70 d&#8217;ells s\u00f3n m\u00fasics professionals que treballen en Conservatoris, Orquestres i Bandes de tot pa\u00eds, i \u00e9s director de la banda simf\u00f2nica Rafael M. Garrig\u00f3s Garc\u00eda. En 2008, va rebre la Medalla d&#8217;Or de part de la FSMCV amb motiu del 125 Aniversari.<\/p>\n<p>Rafael M. Garrig\u00f3s Garc\u00eda, ha sigut director i professor de diferents conservatoris. Actualment est\u00e0 en el Conservatori Professional \u201cGuitarrista Jos\u00e9 Tom\u00e1s\u201d d&#8217;Alacant on imparteix les assignatures d&#8217;Orquestra, Direcci\u00f3 Simf\u00f2nico-Coral, Inform\u00e0tica Musical i Llenguatge Musical. En 2013 ha sigut seleccionat com a director de la Jove Banda Simf\u00f2nica de la Federaci\u00f3 de Societats Musicals de la Comunitat Valenciana. \u00c9s autor de publicacions pedag\u00f2giques que formen part de programes d&#8217;estudi de diferents conservatoris, i ha compost obres per a diferents agrupacions musicals.<br \/>\nPrograma del Concert<\/p>\n<p>Primera part<\/p>\n<p>La marcelina (pd)(1989) Bernardo Adam Ferrero (1942)<\/p>\n<p>Lake of the moon (2010) Kevin Houben (1977)<\/p>\n<p>Entornos (sinfon\u00eda para banda)(2001)<\/p>\n<p>Amando Blanquer (1935-2005)<\/p>\n<p>1 allegro grazioso<\/p>\n<p>2 lento<\/p>\n<p>3 fanfarria<br \/>\nSegona part<\/p>\n<p>Fourth Symphony (1992)<\/p>\n<p>Alfred Reed (1921-2005)<\/p>\n<p>1 elegy<\/p>\n<p>2 intermezzo<\/p>\n<p>3 tarantella<\/p>\n<p>Danza sinf\u00f3nica Op.117 (2004)<\/p>\n<p>James Barnes (1949)<\/p>\n<p>&nbsp;<\/p>\n","protected":false},"excerpt":{"rendered":"<p>Ser\u00e0 el diumenge 24 d&#8217;abril a l&#8217;auditori de la Societat Instructiva Uni\u00f3 Musical de Tavernes de la Valldigna i els assajos i classes tindran lloc els dies previs -22, 23 i tamb\u00e9 el 24 d&#8217;abril- en horari de mat\u00ed, vesprada i nit<\/p>\n","protected":false},"author":2,"featured_media":0,"comment_status":"closed","ping_status":"closed","sticky":false,"template":"","format":"standard","meta":{"footnotes":""},"categories":[10],"tags":[],"class_list":["post-1840","post","type-post","status-publish","format-standard","hentry","category-musica-a-la-llum"],"_links":{"self":[{"href":"https:\/\/fsmcv.org\/vl\/wp-json\/wp\/v2\/posts\/1840","targetHints":{"allow":["GET"]}}],"collection":[{"href":"https:\/\/fsmcv.org\/vl\/wp-json\/wp\/v2\/posts"}],"about":[{"href":"https:\/\/fsmcv.org\/vl\/wp-json\/wp\/v2\/types\/post"}],"author":[{"embeddable":true,"href":"https:\/\/fsmcv.org\/vl\/wp-json\/wp\/v2\/users\/2"}],"replies":[{"embeddable":true,"href":"https:\/\/fsmcv.org\/vl\/wp-json\/wp\/v2\/comments?post=1840"}],"version-history":[{"count":0,"href":"https:\/\/fsmcv.org\/vl\/wp-json\/wp\/v2\/posts\/1840\/revisions"}],"wp:attachment":[{"href":"https:\/\/fsmcv.org\/vl\/wp-json\/wp\/v2\/media?parent=1840"}],"wp:term":[{"taxonomy":"category","embeddable":true,"href":"https:\/\/fsmcv.org\/vl\/wp-json\/wp\/v2\/categories?post=1840"},{"taxonomy":"post_tag","embeddable":true,"href":"https:\/\/fsmcv.org\/vl\/wp-json\/wp\/v2\/tags?post=1840"}],"curies":[{"name":"wp","href":"https:\/\/api.w.org\/{rel}","templated":true}]}}