{"id":1860,"date":"2016-04-14T13:25:47","date_gmt":"2016-04-14T11:25:47","guid":{"rendered":"http:\/\/fsmcv.org\/?post_type=fsmcv-noticias&#038;p=1860"},"modified":"2020-09-27T18:17:18","modified_gmt":"2020-09-27T18:17:18","slug":"els-musics-de-foios-i-serra-en-el-festival-comarcal-de-bandes-de-lhorta-nord-aquest-dissabte-a-foios","status":"publish","type":"post","link":"https:\/\/fsmcv.org\/vl\/noticies-campanyes\/musica-a-la-llum\/els-musics-de-foios-i-serra-en-el-festival-comarcal-de-bandes-de-lhorta-nord-aquest-dissabte-a-foios\/","title":{"rendered":"Els m\u00fasics de Foios i Serra, en el Festival Comarcal de Bandes de L`Horta Nord aquest dissabte a Foios"},"content":{"rendered":"<p><span class=\"texto\">Foios, 14 d&#8217;abril de 2016<br \/>\nEl dissabte 16 d&#8217;abril a les 19 hores en l&#8217;auditori de la Societat Musical de Foios tindr\u00e0 lloc el Festival Comarcal de Bandes de M\u00fasica de L\u2019Horta Nord. Participen la Societat Musical La Primitiva de Serra i el Centre Art\u00edstic i Musical Santa Cec\u00edlia de Foios. Aquest Festival s&#8217;emmarca dins de les activitats que la FSMCV realitza en el marc del programa Activitats Comarcals per a fomentar la relaci\u00f3 i el vincle entre societats musicals d&#8217;una mateixa comarca per al seu enriquiment mutu. El programa del Festival inclou obres com el pasdoble Al Centenari o Juana de Arco, ambdues peces del compositor Ferrer Ferran, que interpretar\u00e0 La Primitiva de Serra sota l&#8217;adre\u00e7a de Jos\u00e9 Tortajada Pallard\u00f3. Per la seua banda, la banda amfitriona, la Musical Santa Cec\u00edlia de Foios tocar\u00e0 l&#8217;Overture Candide de Leonard Bernstein i estrenar\u00e0 Preciada Amistad, un pasdoble compost per Vicente Enguix Va\u00f1o.<\/span><\/p>\n","protected":false},"excerpt":{"rendered":"<p>Aquest Festival s&#8217;emmarca dins de les activitats que la FSMCV realitza en el marc del programa Activitats Comarcals per a fomentar la relaci\u00f3 i el vincle entre societats musicals d&#8217;una mateixa comarca per al seu enriquiment<\/p>\n","protected":false},"author":2,"featured_media":0,"comment_status":"closed","ping_status":"closed","sticky":false,"template":"","format":"standard","meta":{"footnotes":""},"categories":[10],"tags":[],"class_list":["post-1860","post","type-post","status-publish","format-standard","hentry","category-musica-a-la-llum"],"_links":{"self":[{"href":"https:\/\/fsmcv.org\/vl\/wp-json\/wp\/v2\/posts\/1860","targetHints":{"allow":["GET"]}}],"collection":[{"href":"https:\/\/fsmcv.org\/vl\/wp-json\/wp\/v2\/posts"}],"about":[{"href":"https:\/\/fsmcv.org\/vl\/wp-json\/wp\/v2\/types\/post"}],"author":[{"embeddable":true,"href":"https:\/\/fsmcv.org\/vl\/wp-json\/wp\/v2\/users\/2"}],"replies":[{"embeddable":true,"href":"https:\/\/fsmcv.org\/vl\/wp-json\/wp\/v2\/comments?post=1860"}],"version-history":[{"count":0,"href":"https:\/\/fsmcv.org\/vl\/wp-json\/wp\/v2\/posts\/1860\/revisions"}],"wp:attachment":[{"href":"https:\/\/fsmcv.org\/vl\/wp-json\/wp\/v2\/media?parent=1860"}],"wp:term":[{"taxonomy":"category","embeddable":true,"href":"https:\/\/fsmcv.org\/vl\/wp-json\/wp\/v2\/categories?post=1860"},{"taxonomy":"post_tag","embeddable":true,"href":"https:\/\/fsmcv.org\/vl\/wp-json\/wp\/v2\/tags?post=1860"}],"curies":[{"name":"wp","href":"https:\/\/api.w.org\/{rel}","templated":true}]}}