{"id":1863,"date":"2016-04-14T13:26:57","date_gmt":"2016-04-14T11:26:57","guid":{"rendered":"http:\/\/fsmcv.org\/?post_type=fsmcv-noticias&#038;p=1863"},"modified":"2020-09-27T18:17:24","modified_gmt":"2020-09-27T18:17:24","slug":"tavernes-blanques-i-rocafort-al-festival-comarcal-de-lhorta-nord","status":"publish","type":"post","link":"https:\/\/fsmcv.org\/vl\/noticies-campanyes\/musica-a-la-llum\/tavernes-blanques-i-rocafort-al-festival-comarcal-de-lhorta-nord\/","title":{"rendered":"Tavernes Blanques i Rocafort al Festival Comarcal de L&#8217;Horta Nord"},"content":{"rendered":"<p class=\"texto\"><span class=\"texto\">Rocafort, 14 d&#8217;abril 2016<br \/>\n<\/span><\/p>\n<p><span class=\"texto\">Aquest dissabte 16 d&#8217;abril l&#8217;Agrupaci\u00f3 Art\u00edstic Musical de Tavernes Blanques i Agrupaci\u00f3 Musical de Rocafort celebren el Festival Comarcal de Bandes Juvenils de l&#8217;Horta Nord. El festival tindr\u00e0 lloc en el sal\u00f3 d&#8217;actes de la Casa de Cultura de Rocafort a les 19.00 hores.<\/span><\/p>\n<p>Aquest Festival Comarcal de Bandes Juvenils, est\u00e0 patrocinat per la Federaci\u00f3 de Societats Musicals de la Comunitat Valenciana i es realitzen anualment. Cada comarca realitza un sorteig anual, ra\u00f3 per la qual cada any cada societat musical ho realitza amb una societat diferent. En aquesta ocasi\u00f3, l&#8217;Agrupaci\u00f3 Musical de Rocafort \u00e9s la societat musical amfitriona i reben la visita de la Banda Juvenil de l&#8217;Agrupaci\u00f3 Art\u00edstic Musical de Tavernes Blanques. En aquest esdeveniment col\u00b7labora tamb\u00e9 la regidoria de Cultura i Festes de Rocafort.<\/p>\n<p>La Banda Juvenil de AAM de Tavernes Blanques es va fundar en 1998 i el seu director \u00e9s Javier Monle\u00f3n R\u00f3denas. Ofereix diversos concerts a l&#8217;any, a m\u00e9s de participar en els actes comarcals organitzats per la Federaci\u00f3 de Societats Musicals de l&#8217;Horta Nord. Constitueix una magn\u00edfica escola pr\u00e0ctica per als m\u00fasics que m\u00e9s tard s&#8217;integren en la banda titular. Est\u00e0 composta per uns 30 m\u00fasics. Per la seua banda, la Banda Juvenil de AMR es va fundar en 2003 i des de 2006 est\u00e0 dirigida per Juan Jos\u00e9 Catal\u00e1 Borr\u00e1s.<\/p>\n<p>PROGRAMA<\/p>\n<p>Banda Juvenil de l\u2019Agrupaci\u00f3 Art\u00edstic Musical de Tavernes Blanques<\/p>\n<p>-Excalibur (obertura)\/James Swearingen<\/p>\n<p>-Riders in the sky\/Stan Jones<\/p>\n<p>-Sinfon\u00eda cl\u00e1sica\/Ted Huggens<\/p>\n<p>Director: Javier Monleon Rodenas<\/p>\n<p>Banda Juvenil de l\u2019Agrupaci\u00f3 Musical de Rocafort<\/p>\n<p>Nemu-Susato\/Jan Van der Roost<\/p>\n<p>La llegenda del Minotaure\/Mariano Landete Mulet<\/p>\n<p>Do Alto da Estrela\/Lu\u00eds Serra<\/p>\n<p>Director: Juan Jos\u00e9 Catal\u00e1 Borr\u00e1s<\/p>\n<p>&nbsp;<\/p>\n","protected":false},"excerpt":{"rendered":"<p>Ser\u00e0 a les 19 hores a la Casa de Cultura de Rocafort<\/p>\n","protected":false},"author":2,"featured_media":0,"comment_status":"closed","ping_status":"closed","sticky":false,"template":"","format":"standard","meta":{"footnotes":""},"categories":[10],"tags":[],"class_list":["post-1863","post","type-post","status-publish","format-standard","hentry","category-musica-a-la-llum"],"_links":{"self":[{"href":"https:\/\/fsmcv.org\/vl\/wp-json\/wp\/v2\/posts\/1863","targetHints":{"allow":["GET"]}}],"collection":[{"href":"https:\/\/fsmcv.org\/vl\/wp-json\/wp\/v2\/posts"}],"about":[{"href":"https:\/\/fsmcv.org\/vl\/wp-json\/wp\/v2\/types\/post"}],"author":[{"embeddable":true,"href":"https:\/\/fsmcv.org\/vl\/wp-json\/wp\/v2\/users\/2"}],"replies":[{"embeddable":true,"href":"https:\/\/fsmcv.org\/vl\/wp-json\/wp\/v2\/comments?post=1863"}],"version-history":[{"count":0,"href":"https:\/\/fsmcv.org\/vl\/wp-json\/wp\/v2\/posts\/1863\/revisions"}],"wp:attachment":[{"href":"https:\/\/fsmcv.org\/vl\/wp-json\/wp\/v2\/media?parent=1863"}],"wp:term":[{"taxonomy":"category","embeddable":true,"href":"https:\/\/fsmcv.org\/vl\/wp-json\/wp\/v2\/categories?post=1863"},{"taxonomy":"post_tag","embeddable":true,"href":"https:\/\/fsmcv.org\/vl\/wp-json\/wp\/v2\/tags?post=1863"}],"curies":[{"name":"wp","href":"https:\/\/api.w.org\/{rel}","templated":true}]}}