{"id":1866,"date":"2016-04-14T13:28:45","date_gmt":"2016-04-14T11:28:45","guid":{"rendered":"http:\/\/fsmcv.org\/?post_type=fsmcv-noticias&#038;p=1866"},"modified":"2020-09-27T18:17:31","modified_gmt":"2020-09-27T18:17:31","slug":"lartistica-manisense-ofereix-el-seu-concert-de-primavera","status":"publish","type":"post","link":"https:\/\/fsmcv.org\/vl\/noticies-campanyes\/musica-a-la-llum\/lartistica-manisense-ofereix-el-seu-concert-de-primavera\/","title":{"rendered":"L\u2019Art\u00edstica Manisense ofereix el seu Concert de Primavera"},"content":{"rendered":"<p class=\"texto\"><span class=\"texto\">Manises, 14 d&#8217;abril de 2016<br \/>\n<\/span><\/p>\n<p><span class=\"texto\">La Banda Simf\u00f2nica de L\u2019Art\u00edstica Manisense ofereix dissabte 16 d&#8217;abril, a les 19 hores, el seu tradicional Concert de Primavera, que cada any programa la banda titular de la societat musical manisera en aquestes dates.<\/span><\/p>\n<p>Durant el concert, la banda simf\u00f2nica, formada per m\u00e9s d&#8217;un centenar de m\u00fasics i dirigida pel manisero Javier Guna, interpretar\u00e0 el pasdoble Dos sonrisas de Juan Mas Quiles, Acuarelas campesinas d&#8217;Emilio Cebri\u00e1n, Una nit d\u2019albaes de Salvador Giner, el poema simf\u00f2nic per a banda Jaume I el Conqueridor de Juan-Gonzalo G\u00f3mez, i la Suite 1936 de Miguel Asins Arb\u00f3.<\/p>\n<p>La Banda Simf\u00f2nica de Manises est\u00e0 integrada en la Societat Musical L\u2019Art\u00edstica Manisense que explica a m\u00e9s amb Escola de M\u00fasica, Dansa i Teatre, Banda Titular, Orquestra, Cor Polif\u00f2nic i la Manisense Big Band. L\u2019Art\u00edstica Manisense \u00e9s actualment l&#8217;entitat cultural sense \u00e0nim de lucre m\u00e9s important d&#8217;aquesta localitat de la comarca valenciana de L\u2019Horta Oest.<\/p>\n<p>Les invitacions per al concert es poden arreplegar al llarg d&#8217;aquesta setmana en secretaria de L\u2019Art\u00edstica Manisense de dilluns a divendres de 16:00 a 20:00 h.<\/p>\n<p>PROGRAMA<\/p>\n<p>Dos sonrisas. Pasdoble de Juan Mas Quiles<\/p>\n<p>Acuarelas campesinas d\u2019Emilio Cebrian<\/p>\n<p>Largo<\/p>\n<p>Allegretto non troppo<\/p>\n<p>Andante tranquilo<\/p>\n<p>Lento. Allegro (tempo de seguidillas)<\/p>\n<p>Una nit d&#8217;albaes de Salvador Giner<\/p>\n<p>Jaume I el Conqueridor. Poema simf\u00f2nic per a banda de Juan-Gonzalo G\u00f3mez<\/p>\n<p>Suite 1936 de Miguel Asins Arb\u00f3<\/p>\n<p>Preludio<\/p>\n<p>\u00c9xodo<\/p>\n<p>Canci\u00f3n<\/p>\n<p>Leit Motiv<\/p>\n<p>Marcha<\/p>\n<p>Final<\/p>\n<p>&nbsp;<\/p>\n","protected":false},"excerpt":{"rendered":"<p>M\u00e9s d&#8217;un centenar de m\u00fasics maniseros tocaran sota la batuta de Javier Guna <\/p>\n","protected":false},"author":2,"featured_media":0,"comment_status":"closed","ping_status":"closed","sticky":false,"template":"","format":"standard","meta":{"footnotes":""},"categories":[10],"tags":[],"class_list":["post-1866","post","type-post","status-publish","format-standard","hentry","category-musica-a-la-llum"],"_links":{"self":[{"href":"https:\/\/fsmcv.org\/vl\/wp-json\/wp\/v2\/posts\/1866","targetHints":{"allow":["GET"]}}],"collection":[{"href":"https:\/\/fsmcv.org\/vl\/wp-json\/wp\/v2\/posts"}],"about":[{"href":"https:\/\/fsmcv.org\/vl\/wp-json\/wp\/v2\/types\/post"}],"author":[{"embeddable":true,"href":"https:\/\/fsmcv.org\/vl\/wp-json\/wp\/v2\/users\/2"}],"replies":[{"embeddable":true,"href":"https:\/\/fsmcv.org\/vl\/wp-json\/wp\/v2\/comments?post=1866"}],"version-history":[{"count":0,"href":"https:\/\/fsmcv.org\/vl\/wp-json\/wp\/v2\/posts\/1866\/revisions"}],"wp:attachment":[{"href":"https:\/\/fsmcv.org\/vl\/wp-json\/wp\/v2\/media?parent=1866"}],"wp:term":[{"taxonomy":"category","embeddable":true,"href":"https:\/\/fsmcv.org\/vl\/wp-json\/wp\/v2\/categories?post=1866"},{"taxonomy":"post_tag","embeddable":true,"href":"https:\/\/fsmcv.org\/vl\/wp-json\/wp\/v2\/tags?post=1866"}],"curies":[{"name":"wp","href":"https:\/\/api.w.org\/{rel}","templated":true}]}}