{"id":1869,"date":"2016-04-12T13:30:04","date_gmt":"2016-04-12T11:30:04","guid":{"rendered":"http:\/\/fsmcv.org\/?post_type=fsmcv-noticias&#038;p=1869"},"modified":"2020-09-27T18:17:38","modified_gmt":"2020-09-27T18:17:38","slug":"la-unio-musical-de-planes-celebra-el-seu-concert-de-musica-festera-2016","status":"publish","type":"post","link":"https:\/\/fsmcv.org\/vl\/noticies-campanyes\/musica-a-la-llum\/la-unio-musical-de-planes-celebra-el-seu-concert-de-musica-festera-2016\/","title":{"rendered":"La Uni\u00f3 Musical de Planes celebra el seu concert de M\u00fasica Festera 2016"},"content":{"rendered":"<p><span class=\"texto\">Planes, 12 d&#8217;abril de 2016<br \/>\nEl diumenge 17 d&#8217;abril de 2016 a les 12:00 hores, la Uni\u00f3 Musical de Planes celebrar\u00e0 el seu concert de M\u00fasica Festera 2016 dins de la campanya XXI de M\u00fasica i Poble que patrocina l&#8217;Excelent\u00edsima Diputaci\u00f3 d&#8217;Alacant. El concert tindr\u00e0 lloc al Plau de la M\u00fasica de Planes.<br \/>\nEl concert de M\u00fasica Festera, dirigit per Juan Soler, a m\u00e9s comptar\u00e0 amb la col\u00b7laboraci\u00f3 del compositor alcoi\u00e0 Jos\u00e9 Mar\u00eda Valls Satorre, el Balet de M\u00f3nica Talens i la indument\u00e0ria de Roper\u00eda Ximo<\/span><\/p>\n","protected":false},"excerpt":{"rendered":"<p>El concert s&#8217;emmarca dins de la campanya XXI de M\u00fasica i Poble<\/p>\n","protected":false},"author":2,"featured_media":0,"comment_status":"closed","ping_status":"closed","sticky":false,"template":"","format":"standard","meta":{"footnotes":""},"categories":[10],"tags":[],"class_list":["post-1869","post","type-post","status-publish","format-standard","hentry","category-musica-a-la-llum"],"_links":{"self":[{"href":"https:\/\/fsmcv.org\/vl\/wp-json\/wp\/v2\/posts\/1869","targetHints":{"allow":["GET"]}}],"collection":[{"href":"https:\/\/fsmcv.org\/vl\/wp-json\/wp\/v2\/posts"}],"about":[{"href":"https:\/\/fsmcv.org\/vl\/wp-json\/wp\/v2\/types\/post"}],"author":[{"embeddable":true,"href":"https:\/\/fsmcv.org\/vl\/wp-json\/wp\/v2\/users\/2"}],"replies":[{"embeddable":true,"href":"https:\/\/fsmcv.org\/vl\/wp-json\/wp\/v2\/comments?post=1869"}],"version-history":[{"count":0,"href":"https:\/\/fsmcv.org\/vl\/wp-json\/wp\/v2\/posts\/1869\/revisions"}],"wp:attachment":[{"href":"https:\/\/fsmcv.org\/vl\/wp-json\/wp\/v2\/media?parent=1869"}],"wp:term":[{"taxonomy":"category","embeddable":true,"href":"https:\/\/fsmcv.org\/vl\/wp-json\/wp\/v2\/categories?post=1869"},{"taxonomy":"post_tag","embeddable":true,"href":"https:\/\/fsmcv.org\/vl\/wp-json\/wp\/v2\/tags?post=1869"}],"curies":[{"name":"wp","href":"https:\/\/api.w.org\/{rel}","templated":true}]}}