{"id":1886,"date":"2016-04-11T13:45:57","date_gmt":"2016-04-11T11:45:57","guid":{"rendered":"http:\/\/fsmcv.org\/?post_type=fsmcv-noticias&#038;p=1886"},"modified":"2020-09-27T18:18:11","modified_gmt":"2020-09-27T18:18:11","slug":"concert-a-la-xara-de-lartistica-de-denia","status":"publish","type":"post","link":"https:\/\/fsmcv.org\/vl\/noticies-campanyes\/musica-a-la-llum\/concert-a-la-xara-de-lartistica-de-denia\/","title":{"rendered":"Concert a La Xara de l&#8217;Art\u00edstica de D\u00e9nia"},"content":{"rendered":"<p class=\"texto\"><span class=\"texto\">La Xara, 11 d&#8217;abril de 2016<br \/>\n<\/span><\/p>\n<p><span class=\"texto\">Dins de la XXI Campanya M\u00fasica als Pobles, el pr\u00f2xim 17 d&#8217;abril a les 12 del migdia en la pla\u00e7a del Cinema de la localitat alacantina de la Xara, tindr\u00e0 lloc un concert de l&#8217;Agrupaci\u00f3 Art\u00edstica Musical de D\u00e9nia<\/span><\/p>\n<p>L&#8217;esdeveniment que es realitza a l&#8217;aire lliure compta amb un complet programa en el qual s&#8217;interpretaran obres de Javaloyes, Olcina o Mart\u00ed, entre uns altres. Tot a\u00e7\u00f2 sota la batuta del director Frank De Vuyst.<\/p>\n<p>\u00c9s un concert sufragat per la Diputaci\u00f3 d&#8217;Alacant dins del Cicle M\u00fasica als Pobles.<\/p>\n<p>L&#8217;Agrupaci\u00f3 Art\u00edstica Musical de D\u00e9nia, amb m\u00e9s de 60 anys d&#8217;hist\u00f2ria, compte en la seua traject\u00f2ria art\u00edstica amb moments hist\u00f2rics com la participaci\u00f3 l&#8217;any 2006 al Festival Internacional Wonju Tatto de Corea del Sud, en el qual van estrenar l&#8217;obra G\u00e9nesis de l&#8217;artista valenci\u00e0 Arnau Bataller, junt el cor de la ciutat de Wonju.<\/p>\n<p>&nbsp;<\/p>\n","protected":false},"excerpt":{"rendered":"<p>S&#8217;enmarca dins de la Campanya M\u00fasica als Pobles <\/p>\n","protected":false},"author":2,"featured_media":0,"comment_status":"closed","ping_status":"closed","sticky":false,"template":"","format":"standard","meta":{"footnotes":""},"categories":[10],"tags":[],"class_list":["post-1886","post","type-post","status-publish","format-standard","hentry","category-musica-a-la-llum"],"_links":{"self":[{"href":"https:\/\/fsmcv.org\/vl\/wp-json\/wp\/v2\/posts\/1886","targetHints":{"allow":["GET"]}}],"collection":[{"href":"https:\/\/fsmcv.org\/vl\/wp-json\/wp\/v2\/posts"}],"about":[{"href":"https:\/\/fsmcv.org\/vl\/wp-json\/wp\/v2\/types\/post"}],"author":[{"embeddable":true,"href":"https:\/\/fsmcv.org\/vl\/wp-json\/wp\/v2\/users\/2"}],"replies":[{"embeddable":true,"href":"https:\/\/fsmcv.org\/vl\/wp-json\/wp\/v2\/comments?post=1886"}],"version-history":[{"count":0,"href":"https:\/\/fsmcv.org\/vl\/wp-json\/wp\/v2\/posts\/1886\/revisions"}],"wp:attachment":[{"href":"https:\/\/fsmcv.org\/vl\/wp-json\/wp\/v2\/media?parent=1886"}],"wp:term":[{"taxonomy":"category","embeddable":true,"href":"https:\/\/fsmcv.org\/vl\/wp-json\/wp\/v2\/categories?post=1886"},{"taxonomy":"post_tag","embeddable":true,"href":"https:\/\/fsmcv.org\/vl\/wp-json\/wp\/v2\/tags?post=1886"}],"curies":[{"name":"wp","href":"https:\/\/api.w.org\/{rel}","templated":true}]}}