{"id":1889,"date":"2016-04-10T13:47:06","date_gmt":"2016-04-10T11:47:06","guid":{"rendered":"http:\/\/fsmcv.org\/?post_type=fsmcv-noticias&#038;p=1889"},"modified":"2020-09-27T18:18:17","modified_gmt":"2020-09-27T18:18:17","slug":"concert-de-la-banda-juvenil-de-la-societat-musical-la-alianza-vinaros-en-la-conmemoracio-dels-seu-xx-aniversari","status":"publish","type":"post","link":"https:\/\/fsmcv.org\/vl\/noticies-campanyes\/musica-a-la-llum\/concert-de-la-banda-juvenil-de-la-societat-musical-la-alianza-vinaros-en-la-conmemoracio-dels-seu-xx-aniversari\/","title":{"rendered":"Concert de la Banda Juvenil de la Societat Musical \u201cLa Alianza\u201d Vinar\u00f2s en la conmemoraci\u00f3 dels seu XX aniversari."},"content":{"rendered":"<p>Vinar\u00f2s, 10 d&#8217;abril de 2016<\/p>\n<p>\u201cClassic\u2019s Juve\u201d, \u00e9s el t\u00edtol del concert d\u2019avui, al Auditori Municipal a les 19.00h. de la vesprada, de la Banda Juvenil de Vinar\u00f2s. Una festa d\u2019aniversari on celebraran junts, amb la seua m\u00fasica, els seus 20 anys de hist\u00f2ria.<\/p>\n<p>S\u2019escoltar\u00e0 un recull de les principals obres cl\u00e0ssiques que hem interpretat durant aquest temps en el seu escenari. Obres que han vist cr\u00e9ixer tant musicalment com personalment a molts companys seus que actualment estan a \u201cLA ALIANZA\u201d i per descomptat, tots els que actualment formem part de la Juve.<\/p>\n<p>\u201cObres que ens han ensenyat a treballar en equip, a ser companys, a ser perfeccionistes, a ser constats, a respectar la m\u00fasica i a invertir el nostre temps lliure per poder oferir-los en cada concert el millor de nosaltres\u201d, aseguren des de la Societat Musical La Alianza.<\/p>\n<p>Ens contaran moments importants i records que durant aquests 20 anys han escrit la seua hist\u00f2ria\u00a0 i que avui volem compartir amb nosaltres.<\/p>\n<p>Moments per a homenatjar a totes les persones que han format part de la seua familia musical, persones que s\u00f3n grans per\u00f2 sempre seran Juve.<\/p>\n","protected":false},"excerpt":{"rendered":"<p>\u201cClassic\u2019s Juve\u201d, \u00e9s el t\u00edtol del concert d\u2019avui, al Auditori Municipal a les 19.00h. de la vesprada, de la Banda Juvenil de Vinar\u00f2s.<\/p>\n","protected":false},"author":2,"featured_media":0,"comment_status":"closed","ping_status":"closed","sticky":false,"template":"","format":"standard","meta":{"footnotes":""},"categories":[10],"tags":[],"class_list":["post-1889","post","type-post","status-publish","format-standard","hentry","category-musica-a-la-llum"],"_links":{"self":[{"href":"https:\/\/fsmcv.org\/vl\/wp-json\/wp\/v2\/posts\/1889","targetHints":{"allow":["GET"]}}],"collection":[{"href":"https:\/\/fsmcv.org\/vl\/wp-json\/wp\/v2\/posts"}],"about":[{"href":"https:\/\/fsmcv.org\/vl\/wp-json\/wp\/v2\/types\/post"}],"author":[{"embeddable":true,"href":"https:\/\/fsmcv.org\/vl\/wp-json\/wp\/v2\/users\/2"}],"replies":[{"embeddable":true,"href":"https:\/\/fsmcv.org\/vl\/wp-json\/wp\/v2\/comments?post=1889"}],"version-history":[{"count":0,"href":"https:\/\/fsmcv.org\/vl\/wp-json\/wp\/v2\/posts\/1889\/revisions"}],"wp:attachment":[{"href":"https:\/\/fsmcv.org\/vl\/wp-json\/wp\/v2\/media?parent=1889"}],"wp:term":[{"taxonomy":"category","embeddable":true,"href":"https:\/\/fsmcv.org\/vl\/wp-json\/wp\/v2\/categories?post=1889"},{"taxonomy":"post_tag","embeddable":true,"href":"https:\/\/fsmcv.org\/vl\/wp-json\/wp\/v2\/tags?post=1889"}],"curies":[{"name":"wp","href":"https:\/\/api.w.org\/{rel}","templated":true}]}}