{"id":1892,"date":"2016-04-07T13:48:14","date_gmt":"2016-04-07T11:48:14","guid":{"rendered":"http:\/\/fsmcv.org\/?post_type=fsmcv-noticias&#038;p=1892"},"modified":"2020-09-27T18:18:24","modified_gmt":"2020-09-27T18:18:24","slug":"el-profesor-belga-dirk-de-caluwe-dirigira-a-la-simfonica-de-lunio-musical-de-lliria","status":"publish","type":"post","link":"https:\/\/fsmcv.org\/vl\/noticies-campanyes\/musica-a-la-llum\/el-profesor-belga-dirk-de-caluwe-dirigira-a-la-simfonica-de-lunio-musical-de-lliria\/","title":{"rendered":"El profesor belga Dirk De Caluwe, dirigir\u00e0 a la Simf\u00f3nica de L\u2019Uni\u00f3 Musical de Ll\u00edria"},"content":{"rendered":"<p class=\"texto\"><span class=\"texto\">Ll\u00edria, 7 d&#8217;abril de 2016<br \/>\nDins de la programaci\u00f3 dels actes festius que Ll\u00edria est\u00e0 dedicant a Sant Vicent i organitzat per l&#8217;Ajuntament de la ciutat, el pr\u00f2xim dissabte 9 d&#8217;abril tindr\u00e0 lloc un concert de la Banda Simf\u00f2nica Uni\u00f3 Musical de Ll\u00edria, a les 22,30 hores, al seu Teatre-Sala de Concerts.<br \/>\nEste concert s&#8217;emmarca a m\u00e9s en el cicle de directors invitats per a seleccionar al nou director titular de la nostra Banda Simf\u00f2nica i que s&#8217;estan celebrant des del passat mes de febrer.<br \/>\nEn este segon concert, la Banda Simf\u00f2nica ser\u00e0 dirigida per un dels m\u00e9s prestigiosos directors de B\u00e8lgica, el mestre Dirk De Caluwe, professor de Banda i director art\u00edstic de l&#8217;Orquestra en el Conservatori Real d&#8217;Amberes. A m\u00e9s, tamb\u00e9 \u00e9s director musical de la Royal Wind Band Schelle, la Jove Orquestra Simf\u00f2nica de Limburgo i principal director invitat del Brass Band Festival (B\u00e8lgica). El mestre Dirk De Caluwe ha sigut des de 1978 solista de flauta-flaut\u00ed en l&#8217;Orquestra Filharm\u00f2nica de Brussel\u00b7les. Molt prompte compagin\u00e0 el seu treball com a solista i m\u00fasic d&#8217;orquestra amb la seua carrera de director d&#8217;orquestra, banda i professor de conservatori.<br \/>\nDurant 20 anys ha sigut director d&#8217;una de les principals bandes de vent de B\u00e8lgica, la Royal Wind Band Ste Cecilia Zele. Tamb\u00e9 ha treballat amb orquestres com l&#8217;Orquestra de la R\u00e0dio de Flandes, Orquestra Festival de Brussel\u00b7les, Orquestra Nacional de B\u00e8lgica, la Filharm\u00f2nica de Praga o incl\u00fas amb l&#8217;Orquestra Filharm\u00f2nica de Londres. A m\u00e9s de l&#8217;ensenyament i la direcci\u00f3, Dirk De Caluw\u00e9 exerceix labors com a conseller i professor de l&#8217;Associaci\u00f3 de Bandes de M\u00fasica flamenca i tamb\u00e9 ha format part de jurats en alguns dels cert\u00e0mens de m\u00fasica per a banda m\u00e9s importants a nivell mundial, com \u00e9s el cas del certamen de Val\u00e8ncia. Com a int\u00e8rpret ha col\u00b7laborat en la realitzaci\u00f3 d&#8217;unes 80 gravacions de CDs i DVDs.<br \/>\nEn este concert, la Banda Simf\u00f2nica interpretar\u00e0 obres com &#8220;Spartacus&#8221;, de Jan Van der Roost; &#8220;I Got Rhythm&#8221;, de George Gershwin, ambd\u00f3s en primera audici\u00f3. El preludi simf\u00f2nic &#8220;La Torre del Oro&#8221;, de Gim\u00e9nez; el poema simf\u00f2nic,&#8221;Pins de Roma&#8221;, de Respiggi; el pasdoble &#8220;Cielo andaluz&#8221;, de Marquina i el &#8220;Mambo&#8221; del musical &#8220;West Side Story&#8221;, de Berstein.<br \/>\nEl tercer i \u00faltim cicle de concerts per a l&#8217;elecci\u00f3 del nou director titular tindr\u00e0 lloc el 28 de maig de 2016. En aquesta ocasi\u00f3, la Banda Simf\u00f2nica ser\u00e0 dirigida pel valenci\u00e0 Pablo Marqu\u00e9s Miralles, que tamb\u00e9 compta amb un impressionant curr\u00edculum i una gran experi\u00e8ncia, tant a nivell nacional com internacional, dirigint a destacades orquestres.<br \/>\n<\/span><\/p>\n<p><span class=\"texto\">L&#8217;entrada al concert d\u2019aquest dissabte ser\u00e0 gratu\u00efta <\/span><\/p>\n","protected":false},"excerpt":{"rendered":"<p>El concert s&#8217;emmarca en el cicle de directors invitats per a seleccionar al nou director titular de la Banda Simf\u00f2nica i que s&#8217;estan celebrant des del mes de febrer.<\/p>\n","protected":false},"author":2,"featured_media":0,"comment_status":"closed","ping_status":"closed","sticky":false,"template":"","format":"standard","meta":{"footnotes":""},"categories":[10],"tags":[],"class_list":["post-1892","post","type-post","status-publish","format-standard","hentry","category-musica-a-la-llum"],"_links":{"self":[{"href":"https:\/\/fsmcv.org\/vl\/wp-json\/wp\/v2\/posts\/1892","targetHints":{"allow":["GET"]}}],"collection":[{"href":"https:\/\/fsmcv.org\/vl\/wp-json\/wp\/v2\/posts"}],"about":[{"href":"https:\/\/fsmcv.org\/vl\/wp-json\/wp\/v2\/types\/post"}],"author":[{"embeddable":true,"href":"https:\/\/fsmcv.org\/vl\/wp-json\/wp\/v2\/users\/2"}],"replies":[{"embeddable":true,"href":"https:\/\/fsmcv.org\/vl\/wp-json\/wp\/v2\/comments?post=1892"}],"version-history":[{"count":0,"href":"https:\/\/fsmcv.org\/vl\/wp-json\/wp\/v2\/posts\/1892\/revisions"}],"wp:attachment":[{"href":"https:\/\/fsmcv.org\/vl\/wp-json\/wp\/v2\/media?parent=1892"}],"wp:term":[{"taxonomy":"category","embeddable":true,"href":"https:\/\/fsmcv.org\/vl\/wp-json\/wp\/v2\/categories?post=1892"},{"taxonomy":"post_tag","embeddable":true,"href":"https:\/\/fsmcv.org\/vl\/wp-json\/wp\/v2\/tags?post=1892"}],"curies":[{"name":"wp","href":"https:\/\/api.w.org\/{rel}","templated":true}]}}