{"id":1895,"date":"2016-04-07T13:49:24","date_gmt":"2016-04-07T11:49:24","guid":{"rendered":"http:\/\/fsmcv.org\/?post_type=fsmcv-noticias&#038;p=1895"},"modified":"2020-09-27T18:18:31","modified_gmt":"2020-09-27T18:18:31","slug":"els-colors-del-metall-es-podran-escoltar-a-llosa-de-ranes","status":"publish","type":"post","link":"https:\/\/fsmcv.org\/vl\/noticies-campanyes\/musica-a-la-llum\/els-colors-del-metall-es-podran-escoltar-a-llosa-de-ranes\/","title":{"rendered":"\u201cEls colors del Metall\u201d, es podr\u00e1n \u201cescoltar\u201d a Llosa de Ranes"},"content":{"rendered":"<p><span class=\"texto\">Llosa de Ranes, 7 d&#8217;abril de 2016<br \/>\nL&#8217;Ajuntament de La Llosa de Ranes, la Societat Musical de La Llosa de Ranes i la Fundaci\u00f3 Sanganxa dins del seu acord de colaboraci\u00f3 per a l&#8217;organitzaci\u00f3 del II Concurs de Joves Int\u00e8rprets de la localitat que es celebrar\u00e0 a finals de juny i principi del mes de juliol, han programat per al proper dissabte 9 d&#8217;abril a les 19&#8217;30h a l&#8217;Auditori Municipal \u201cMestre En Vicent Tortosa Terol\u201d l&#8217;espectacle \u201cEls Colors del Metall\u201d.<br \/>\nEl concert ser\u00e0 a c\u00e0rrec de la Valencia Brass Band by Inel. Aquesta agrupaci\u00f3 musical dirigida pel seu mestre N&#8217;Enric Alborch Tarras\u00f3, naix de la inquietud d\u2019un grup de m\u00fasics professionals per treballar en una formaci\u00f3 d\u2019alt nivell art\u00edstic per a difondre el repertori propi de les Brass Bands (Bandes de Metalls) que tanta acceptaci\u00f3 tenen a la resta d\u2019Europa i del m\u00f3n.<br \/>\nLes Brass Bands estables, fora dels conservatoris, s\u00f3n pr\u00e0cticament inexistents al nostre territori regional i nacional, per aix\u00f2 la Vbb by Inel vol fer-se un lloc al panorama musical del nostre pa\u00eds.<br \/>\nLa formaci\u00f3 est\u00e0 composada d\u2019uns 30 m\u00fasics professionals de diferents punts de la Comunitat Valenciana, de les especialitats de vent-metall i percussi\u00f3.<br \/>\nPer al concert del proper dissabte han preparat per aquest concert el seg\u00fcent programa:<br \/>\nA la primera part interpretaran Second Suite in F Major de Gustav Holst (Arr. S. Herbert), Varations for brass band de R. Vaughan Williams i M\u00e9tallon Fanfare escrita pel mestre J. Rafael Pascual Vilaplana per a aquesta formaci\u00f3. Ja a la segona part escoltarem la Fanfare for a the common man d&#8217;Aaron Copland (Arr. H. Snell), la Dansa Ritual del foc del mestre Manuel de Falla (Arr. A Street), l&#8217;Olympic Fanfare anf theme de John Williams (Arr. Foster &amp; Dye), la Bohemian Rhapsody de Freddie Mercury (Arr. D. Barry) i la St Louis Blues March de W.C. Handy (Arr. P. Wright).<br \/>\nA m\u00e9s, l&#8217;agrupaci\u00f3 contar\u00e0 amb la col\u00b7laboraci\u00f3 del trompetista David Pastor, professor en l\u2019 Escola Superior d\u2019Estudis Musicals Taller de M\u00fasics de Barcelona, director de la \u201cOriginal Jazz Orquestra\u201d del Taller de M\u00fasics i considerat un dels millors trompetes de Jazz i m\u00fasica moderna tant a nivell nacional com internacional.<br \/>\nFinalment destacar que l&#8217;entrada al concert ser\u00e0 gratu\u00efta per als assistents i que el principal prop\u00f2sit tant de l&#8217;Ajuntament, la Societat Musical, la Fundaci\u00f3 Sanganxa i la Valencia Brass Band es promocionar i difondre la m\u00fasica i la cultura en general i m\u00e9s concretament en aquest espectacle la de metalls i percussi\u00f3.<\/p>\n<p>M\u00e9s informaci\u00f3: <a href=\"http:\/\/smlallosaderanes.com\" target=\"_blank\" rel=\"noopener\"> http:\/\/smlallosaderanes.com<\/a><\/span><\/p>\n","protected":false},"excerpt":{"rendered":"<p>Actuar\u00e0n uns 30 m\u00fasics professionals de diferents punts de la Comunitat Valenciana, de les especialitats de vent-metall i percussi\u00f3. <\/p>\n","protected":false},"author":2,"featured_media":0,"comment_status":"closed","ping_status":"closed","sticky":false,"template":"","format":"standard","meta":{"footnotes":""},"categories":[10],"tags":[],"class_list":["post-1895","post","type-post","status-publish","format-standard","hentry","category-musica-a-la-llum"],"_links":{"self":[{"href":"https:\/\/fsmcv.org\/vl\/wp-json\/wp\/v2\/posts\/1895","targetHints":{"allow":["GET"]}}],"collection":[{"href":"https:\/\/fsmcv.org\/vl\/wp-json\/wp\/v2\/posts"}],"about":[{"href":"https:\/\/fsmcv.org\/vl\/wp-json\/wp\/v2\/types\/post"}],"author":[{"embeddable":true,"href":"https:\/\/fsmcv.org\/vl\/wp-json\/wp\/v2\/users\/2"}],"replies":[{"embeddable":true,"href":"https:\/\/fsmcv.org\/vl\/wp-json\/wp\/v2\/comments?post=1895"}],"version-history":[{"count":0,"href":"https:\/\/fsmcv.org\/vl\/wp-json\/wp\/v2\/posts\/1895\/revisions"}],"wp:attachment":[{"href":"https:\/\/fsmcv.org\/vl\/wp-json\/wp\/v2\/media?parent=1895"}],"wp:term":[{"taxonomy":"category","embeddable":true,"href":"https:\/\/fsmcv.org\/vl\/wp-json\/wp\/v2\/categories?post=1895"},{"taxonomy":"post_tag","embeddable":true,"href":"https:\/\/fsmcv.org\/vl\/wp-json\/wp\/v2\/tags?post=1895"}],"curies":[{"name":"wp","href":"https:\/\/api.w.org\/{rel}","templated":true}]}}