{"id":1901,"date":"2016-04-07T13:51:41","date_gmt":"2016-04-07T11:51:41","guid":{"rendered":"http:\/\/fsmcv.org\/?post_type=fsmcv-noticias&#038;p=1901"},"modified":"2020-09-27T18:18:43","modified_gmt":"2020-09-27T18:18:43","slug":"la-sm-de-segorbe-i-lunio-musical-daldaia-juntes-per-a-festejar-la-primavera-en-un-concert-a-aldaia","status":"publish","type":"post","link":"https:\/\/fsmcv.org\/vl\/noticies-campanyes\/musica-a-la-llum\/la-sm-de-segorbe-i-lunio-musical-daldaia-juntes-per-a-festejar-la-primavera-en-un-concert-a-aldaia\/","title":{"rendered":"La SM de Segorbe i L\u2019Uni\u00f3 Musical d\u2019Aldaia juntes per a festejar la primavera en un concert a Aldaia"},"content":{"rendered":"<p class=\"texto\"><span class=\"texto\">Aldaia, 7 d&#8217;abril de 2016<br \/>\n<\/span><\/p>\n<p><span class=\"texto\">El dissabte dia 9 d&#8217;abril, a les 8 de la vesprada en el TAMA -Teatre Auditori Municial d&#8217;Aldaia- tindr\u00e0 lloc un concert al que, de manera conjunta, les societats musicals d&#8217;Aldaia (Val\u00e8ncia) i Sogorb (Castell\u00f3), festejaran amb un concert, l&#8217;arribada de la primavera.<\/span><\/p>\n<p>En la primera part, actuar\u00e0 com a banda convidada la Sociedad Musical de Segorbe, que sota la batuta del seu director, Josep Miquel Mart\u00ednez, interpretaran, el pasodoble Isabel Villar de Francisco Signes Castell\u00f3, la Sinfonieta n\u00famero 2 \u201cVals\u201d de Jos\u00e9 Pla Herrero, que va ser obra obligada del 39\u00ba Certamen Provincial de Castell\u00f3 i finalitzaran amb l&#8217;obra lliure del compositor Ferrer Ferran, M\u00edtica Aventura.<\/p>\n<p>A la segona part, la protagonista ser\u00e0 la Uni\u00f3 Musical d\u2019Aldaia, que interpretar\u00e0, el pasodoble Les Arenes de Manuel Morales, The Island of Light de Jos\u00e9 Alberto Pina i finalitzar\u00e0 amb l&#8217;obra d&#8217;Hans Zimmer, From Pirates of the Caribbean, sota l&#8217;adre\u00e7a del seu director J. Amadeo Guillot Montaner.<\/p>\n<p>&nbsp;<\/p>\n","protected":false},"excerpt":{"rendered":"<p>El dissabte dia 9 d&#8217;abril, a les 8 de la vesprada en el TAMA tindr\u00e0 lloc un concert conjunt de les societats musicals d&#8217;Aldaia (Val\u00e8ncia) i Sogorb (Castell\u00f3) , per a festejar la primavera<\/p>\n","protected":false},"author":2,"featured_media":0,"comment_status":"closed","ping_status":"closed","sticky":false,"template":"","format":"standard","meta":{"footnotes":""},"categories":[10],"tags":[],"class_list":["post-1901","post","type-post","status-publish","format-standard","hentry","category-musica-a-la-llum"],"_links":{"self":[{"href":"https:\/\/fsmcv.org\/vl\/wp-json\/wp\/v2\/posts\/1901","targetHints":{"allow":["GET"]}}],"collection":[{"href":"https:\/\/fsmcv.org\/vl\/wp-json\/wp\/v2\/posts"}],"about":[{"href":"https:\/\/fsmcv.org\/vl\/wp-json\/wp\/v2\/types\/post"}],"author":[{"embeddable":true,"href":"https:\/\/fsmcv.org\/vl\/wp-json\/wp\/v2\/users\/2"}],"replies":[{"embeddable":true,"href":"https:\/\/fsmcv.org\/vl\/wp-json\/wp\/v2\/comments?post=1901"}],"version-history":[{"count":0,"href":"https:\/\/fsmcv.org\/vl\/wp-json\/wp\/v2\/posts\/1901\/revisions"}],"wp:attachment":[{"href":"https:\/\/fsmcv.org\/vl\/wp-json\/wp\/v2\/media?parent=1901"}],"wp:term":[{"taxonomy":"category","embeddable":true,"href":"https:\/\/fsmcv.org\/vl\/wp-json\/wp\/v2\/categories?post=1901"},{"taxonomy":"post_tag","embeddable":true,"href":"https:\/\/fsmcv.org\/vl\/wp-json\/wp\/v2\/tags?post=1901"}],"curies":[{"name":"wp","href":"https:\/\/api.w.org\/{rel}","templated":true}]}}